{"id":304043,"date":"2025-08-29T10:25:59","date_gmt":"2025-08-29T13:25:59","guid":{"rendered":"https:\/\/www.caririemacao.com\/1\/?p=304043"},"modified":"2025-08-29T10:25:59","modified_gmt":"2025-08-29T13:25:59","slug":"vereador-jeffeson-menezes-solicita-motocicletas-para-agentes-de-saude-da-zona-rural-de-sume-e-destaca-destinacao-de-r-1-milhao-com-apoio-do-deputado-luiz-couto","status":"publish","type":"post","link":"https:\/\/www.caririemacao.com\/1\/2025\/08\/29\/vereador-jeffeson-menezes-solicita-motocicletas-para-agentes-de-saude-da-zona-rural-de-sume-e-destaca-destinacao-de-r-1-milhao-com-apoio-do-deputado-luiz-couto\/","title":{"rendered":"Vereador Jeffeson Menezes solicita motocicletas para agentes de sa\u00fade da zona rural de Sum\u00e9 e destaca destina\u00e7\u00e3o de R$ 1 milh\u00e3o com apoio do deputado Luiz Couto"},"content":{"rendered":"<p>Na 21\u00aa sess\u00e3o ordin\u00e1ria da C\u00e2mara Municipal de Sum\u00e9, realizada na manh\u00e3 desta ter\u00e7a-feira, 26 de agosto de 2025, o vereador Jeffeson Menezes refor\u00e7ou seu compromisso com a sa\u00fade p\u00fablica e apresentou um requerimento voltado \u00e0 melhoria das condi\u00e7\u00f5es de trabalho dos agentes comunit\u00e1rios de sa\u00fade da zona rural.<\/p>\n<p>O parlamentar solicitou ao Poder Executivo a aquisi\u00e7\u00e3o de motocicletas para os 16 agentes que atuam nessas \u00e1reas, com o objetivo de facilitar o deslocamento e garantir mais efici\u00eancia nas visitas domiciliares.<\/p>\n<p>Durante sua fala, Jeffeson destacou que j\u00e1 viabilizou, junto ao deputado federal Luiz Couto, a destina\u00e7\u00e3o de R$ 1 milh\u00e3o em recursos para o munic\u00edpio, e que parte desse montante pode ser utilizada para atender a essa demanda.<br \/>\nSegundo o vereador, a falta de transporte adequado tem dificultado o trabalho dos agentes, que desempenham papel essencial na promo\u00e7\u00e3o da sa\u00fade e na preven\u00e7\u00e3o de doen\u00e7as nas comunidades mais afastadas.<\/p>\n<blockquote><p>\u201cO trabalho dos agentes comunit\u00e1rios de sa\u00fade \u00e9 indispens\u00e1vel, especialmente na zona rural, onde o acesso \u00e9 mais dif\u00edcil. Com o apoio do deputado Luiz Couto, conseguimos um recurso significativo, e agora pe\u00e7o que o gestor municipal analise com carinho essa proposta, que beneficiar\u00e1 diretamente 16 profissionais e, consequentemente, toda a popula\u00e7\u00e3o atendida por eles\u201d, afirmou Jeffeson.<\/p><\/blockquote>\n<p>O requerimento foi aprovado pelos demais vereadores e segue para an\u00e1lise da gest\u00e3o do prefeito Manezinho Louren\u00e7o. Caso seja atendido, a aquisi\u00e7\u00e3o das motocicletas representar\u00e1 um avan\u00e7o na estrutura de apoio aos profissionais da sa\u00fade, garantindo um atendimento mais \u00e1gil e eficiente para as comunidades rurais de Sum\u00e9.<\/p>\n","protected":false},"excerpt":{"rendered":"<p>Na 21\u00aa sess\u00e3o ordin\u00e1ria da C\u00e2mara Municipal de Sum\u00e9, realizada na manh\u00e3 desta ter\u00e7a-feira, 26 de agosto de 2025, o vereador Jeffeson Menezes refor\u00e7ou seu&hellip; <\/p>\n","protected":false},"author":6,"featured_media":304051,"comment_status":"closed","ping_status":"closed","sticky":false,"template":"","format":"standard","meta":{"sfsi_plus_gutenberg_text_before_share":"","sfsi_plus_gutenberg_show_text_before_share":"","sfsi_plus_gutenberg_icon_type":"","sfsi_plus_gutenberg_icon_alignemt":"","sfsi_plus_gutenburg_max_per_row":"","footnotes":""},"categories":[50,2,95],"tags":[],"class_list":["post-304043","post","type-post","status-publish","format-standard","has-post-thumbnail","hentry","category-destaque","category-geral","category-sume"],"_links":{"self":[{"href":"https:\/\/www.caririemacao.com\/1\/wp-json\/wp\/v2\/posts\/304043","targetHints":{"allow":["GET"]}}],"collection":[{"href":"https:\/\/www.caririemacao.com\/1\/wp-json\/wp\/v2\/posts"}],"about":[{"href":"https:\/\/www.caririemacao.com\/1\/wp-json\/wp\/v2\/types\/post"}],"author":[{"embeddable":true,"href":"https:\/\/www.caririemacao.com\/1\/wp-json\/wp\/v2\/users\/6"}],"replies":[{"embeddable":true,"href":"https:\/\/www.caririemacao.com\/1\/wp-json\/wp\/v2\/comments?post=304043"}],"version-history":[{"count":1,"href":"https:\/\/www.caririemacao.com\/1\/wp-json\/wp\/v2\/posts\/304043\/revisions"}],"predecessor-version":[{"id":304052,"href":"https:\/\/www.caririemacao.com\/1\/wp-json\/wp\/v2\/posts\/304043\/revisions\/304052"}],"wp:featuredmedia":[{"embeddable":true,"href":"https:\/\/www.caririemacao.com\/1\/wp-json\/wp\/v2\/media\/304051"}],"wp:attachment":[{"href":"https:\/\/www.caririemacao.com\/1\/wp-json\/wp\/v2\/media?parent=304043"}],"wp:term":[{"taxonomy":"category","embeddable":true,"href":"https:\/\/www.caririemacao.com\/1\/wp-json\/wp\/v2\/categories?post=304043"},{"taxonomy":"post_tag","embeddable":true,"href":"https:\/\/www.caririemacao.com\/1\/wp-json\/wp\/v2\/tags?post=304043"}],"curies":[{"name":"wp","href":"https:\/\/api.w.org\/{rel}","templated":true}]}}