{"id":304044,"date":"2025-08-29T10:07:56","date_gmt":"2025-08-29T13:07:56","guid":{"rendered":"https:\/\/www.caririemacao.com\/1\/?p=304044"},"modified":"2025-08-29T10:07:56","modified_gmt":"2025-08-29T13:07:56","slug":"caixa-conclui-pagamento-da-parcela-do-bolsa-familia-de-agosto-2","status":"publish","type":"post","link":"https:\/\/www.caririemacao.com\/1\/2025\/08\/29\/caixa-conclui-pagamento-da-parcela-do-bolsa-familia-de-agosto-2\/","title":{"rendered":"Caixa conclui pagamento da parcela do Bolsa Fam\u00edlia de agosto"},"content":{"rendered":"<p class=\"ql-align-justify\">A Caixa Econ\u00f4mica Federal conclui o pagamento da parcela de agosto do Bolsa Fam\u00edlia. Recebem nesta sexta-feira (29) os benefici\u00e1rios com N\u00famero de Inscri\u00e7\u00e3o Social (NIS) de final 0.<\/p>\n<p class=\"ql-align-justify\">O valor m\u00ednimo corresponde a R$ 600, mas com o novo adicional o valor m\u00e9dio do benef\u00edcio sobe para R$ 671,54. Segundo o Minist\u00e9rio do Desenvolvimento e Assist\u00eancia Social, neste m\u00eas o programa de transfer\u00eancia de renda do Governo Federal alcan\u00e7ou 19,19 milh\u00f5es de fam\u00edlias, com gasto de R$ 12,86 bilh\u00f5es.<\/p>\n<p class=\"ql-align-justify\">Al\u00e9m do benef\u00edcio m\u00ednimo, h\u00e1 o pagamento de tr\u00eas adicionais. O Benef\u00edcio Vari\u00e1vel Familiar Nutriz paga seis parcelas de R$ 50 a m\u00e3es de beb\u00eas de at\u00e9 seis meses de idade, para garantir a alimenta\u00e7\u00e3o da crian\u00e7a. O Bolsa Fam\u00edlia tamb\u00e9m paga um acr\u00e9scimo de R$ 50 a gestantes e nutrizes (m\u00e3es que amamentam), um de R$ 50 a cada filho de 7 a 18 anos e outro, de R$ 150, a cada crian\u00e7a de at\u00e9 6 anos.<\/p>\n<p class=\"ql-align-justify\">No modelo tradicional do Bolsa Fam\u00edlia, o pagamento ocorre nos \u00faltimos dez dias \u00fateis de cada m\u00eas. O benefici\u00e1rio pode consultar informa\u00e7\u00f5es sobre as datas de pagamento, o valor do benef\u00edcio e a composi\u00e7\u00e3o das parcelas no aplicativo Caixa Tem, usado para acompanhar as contas poupan\u00e7a digitais do banco.<\/p>\n<p class=\"ql-align-justify\">Fonte: Ag\u00eancia Brasil<\/p>\n","protected":false},"excerpt":{"rendered":"<p>A Caixa Econ\u00f4mica Federal conclui o pagamento da parcela de agosto do Bolsa Fam\u00edlia. Recebem nesta sexta-feira (29) os benefici\u00e1rios com N\u00famero de Inscri\u00e7\u00e3o Social&hellip; <\/p>\n","protected":false},"author":6,"featured_media":304045,"comment_status":"closed","ping_status":"closed","sticky":false,"template":"","format":"standard","meta":{"sfsi_plus_gutenberg_text_before_share":"","sfsi_plus_gutenberg_show_text_before_share":"","sfsi_plus_gutenberg_icon_type":"","sfsi_plus_gutenberg_icon_alignemt":"","sfsi_plus_gutenburg_max_per_row":"","footnotes":""},"categories":[50,2],"tags":[],"class_list":["post-304044","post","type-post","status-publish","format-standard","has-post-thumbnail","hentry","category-destaque","category-geral"],"_links":{"self":[{"href":"https:\/\/www.caririemacao.com\/1\/wp-json\/wp\/v2\/posts\/304044","targetHints":{"allow":["GET"]}}],"collection":[{"href":"https:\/\/www.caririemacao.com\/1\/wp-json\/wp\/v2\/posts"}],"about":[{"href":"https:\/\/www.caririemacao.com\/1\/wp-json\/wp\/v2\/types\/post"}],"author":[{"embeddable":true,"href":"https:\/\/www.caririemacao.com\/1\/wp-json\/wp\/v2\/users\/6"}],"replies":[{"embeddable":true,"href":"https:\/\/www.caririemacao.com\/1\/wp-json\/wp\/v2\/comments?post=304044"}],"version-history":[{"count":1,"href":"https:\/\/www.caririemacao.com\/1\/wp-json\/wp\/v2\/posts\/304044\/revisions"}],"predecessor-version":[{"id":304046,"href":"https:\/\/www.caririemacao.com\/1\/wp-json\/wp\/v2\/posts\/304044\/revisions\/304046"}],"wp:featuredmedia":[{"embeddable":true,"href":"https:\/\/www.caririemacao.com\/1\/wp-json\/wp\/v2\/media\/304045"}],"wp:attachment":[{"href":"https:\/\/www.caririemacao.com\/1\/wp-json\/wp\/v2\/media?parent=304044"}],"wp:term":[{"taxonomy":"category","embeddable":true,"href":"https:\/\/www.caririemacao.com\/1\/wp-json\/wp\/v2\/categories?post=304044"},{"taxonomy":"post_tag","embeddable":true,"href":"https:\/\/www.caririemacao.com\/1\/wp-json\/wp\/v2\/tags?post=304044"}],"curies":[{"name":"wp","href":"https:\/\/api.w.org\/{rel}","templated":true}]}}