{"id":304213,"date":"2025-09-02T10:18:14","date_gmt":"2025-09-02T13:18:14","guid":{"rendered":"https:\/\/www.caririemacao.com\/1\/?p=304213"},"modified":"2025-09-02T10:18:14","modified_gmt":"2025-09-02T13:18:14","slug":"concurso-da-prefeitura-de-boqueirao-tem-edital-publicado-com-salarios-de-quase-r-4-mil","status":"publish","type":"post","link":"https:\/\/www.caririemacao.com\/1\/2025\/09\/02\/concurso-da-prefeitura-de-boqueirao-tem-edital-publicado-com-salarios-de-quase-r-4-mil\/","title":{"rendered":"Concurso da prefeitura de Boqueir\u00e3o tem edital publicado com sal\u00e1rios de quase R$ 4 mil"},"content":{"rendered":"<p>O edital do concurso da prefeitura de Boqueir\u00e3o, no Cariri da Para\u00edba, foi publicado nesta segunda-feira (1\u00b0). Ao todo, s\u00e3o 103 vagas para cargos de n\u00edveis fundamental, m\u00e9dio, superior.<\/p>\n<p>Os sal\u00e1rios v\u00e3o de R$ 1.518,00 a R$ R$ 3.940,30\u00a0mil, e as inscri\u00e7\u00f5es podem ser realizadas do dia 2 at\u00e9 o dia 30 de setembro,\u00a0<a href=\"https:\/\/apiceconsultoria.com\/prefeitura-municipal-de-boqueirao-concurso-publico\/\" target=\"_blank\" rel=\"noreferrer noopener\">atrav\u00e9s do site da banca organizadora do certame.<\/a><\/p>\n<h2 class=\"wp-block-heading\">Concurso da prefeitura de Boqueir\u00e3o<\/h2>\n<ul class=\"wp-block-list\">\n<li>Vagas: 103<\/li>\n<li>N\u00edvel: fundamental, ensino m\u00e9dio e superior<\/li>\n<li>Sal\u00e1rio: de R$ 1.518,00 at\u00e9 R$ 3.940,30<\/li>\n<li>Inscri\u00e7\u00f5es: 2 at\u00e9 30 de setembro<\/li>\n<li>Provas objetivas: 23 de novembro<\/li>\n<li>Resultado final: 30 de dezembro<\/li>\n<li><a href=\"https:\/\/apiceconsultoria.com\/Concursos\/167\/pdf\/pdf_16701092025115448.pdf\" target=\"_blank\" rel=\"noreferrer noopener\">Edital do concurso da prefeitura de Boqueir\u00e3o<\/a><\/li>\n<\/ul>\n<h2 class=\"wp-block-heading\">Inscri\u00e7\u00f5es no concurso da prefeitura de Boqueir\u00e3o<\/h2>\n<p>As inscri\u00e7\u00f5es podem ser feitas a partir desta ter\u00e7a-feira (2) at\u00e9 o dia 30 de setembro de 2025, pelo site da \u00c1pice Consultoria, organizadora do certame.<\/p>\n<p>As taxas custam R$ 45 para cargos de n\u00edvel fundamental, R$ 50 para cargos de n\u00edvel m\u00e9dio e R$ 70 para n\u00edvel superior.<\/p>\n<h2 class=\"wp-block-heading\">Vagas do concurso da prefeitura de Boqueir\u00e3o<\/h2>\n<ul class=\"wp-block-list\">\n<li>Agente Administrativo \u2013 5 vagas<\/li>\n<li>Agente Comunit\u00e1rio de Sa\u00fade \u2013 UBSF da Comunidade das Lages \u2013 1 vaga<\/li>\n<li>Assistente Social \u2013 1 vaga<\/li>\n<li>Auditor Fiscal \u2013 1 vaga<\/li>\n<li>Auxiliar de Sa\u00fade Bucal \u2013 1 vaga<\/li>\n<li>Auxiliar de Servi\u00e7os Gerais \u2013 15 vagas<\/li>\n<li>Biom\u00e9dico \u2013 1 vaga<\/li>\n<li>Cozinheiro \u2013 3 vagas<\/li>\n<li>Cuidador \u2013 CAPS \u2013 2 vagas<\/li>\n<li>Cuidador Escolar \u2013 4 vagas<\/li>\n<li>Educador Social \u2013 1 vaga<\/li>\n<li>Eletricista \u2013 1 vaga<\/li>\n<li>Enfermeiro \u2013 4 vagas<\/li>\n<li>Farmac\u00eautico \u2013 1 vaga<\/li>\n<li>Fisioterapeuta \u2013 2 vagas<\/li>\n<li>Fonoaudi\u00f3logo \u2013 1 vaga<\/li>\n<li>Inspetor Escolar \u2013 2 vagas<\/li>\n<li>Lavadeira \u2013 1 vaga<\/li>\n<li>Maqueiro \u2013 1 vaga<\/li>\n<li>Merendeira \u2013 6 vagas<\/li>\n<li>Motorista \u201cB\u201d \u2013 8 vagas<\/li>\n<li>Motorista \u201cD\u201d \u2013 1 vaga<\/li>\n<li>Motorista de Transporte Escolar \u2013 5 vagas<\/li>\n<li>Nutricionista \u2013 1 vaga<\/li>\n<li>Operador de M\u00e1quinas Pesadas \u2013 1 vaga<\/li>\n<li>Operador de Sistema de Inform\u00e1tica \u2013 1 vaga<\/li>\n<li>Professor de AEE \u2013 2 vagas<\/li>\n<li>Professor Educa\u00e7\u00e3o B\u00e1sica I \u2013 Zona Rural \u2013 3 vagas<\/li>\n<li>Professor Educa\u00e7\u00e3o B\u00e1sica I \u2013 Zona Urbana \u2013 3 vagas<\/li>\n<li>Professor Educa\u00e7\u00e3o B\u00e1sica II \u2013 Ci\u00eancias \u2013 1 vaga<\/li>\n<li>Professor Educa\u00e7\u00e3o B\u00e1sica II \u2013 Educa\u00e7\u00e3o F\u00edsica \u2013 1 vaga<\/li>\n<li>Professor Educa\u00e7\u00e3o B\u00e1sica II \u2013 Geografia \u2013 1 vaga<\/li>\n<li>Professor Educa\u00e7\u00e3o B\u00e1sica II \u2013 Hist\u00f3ria \u2013 1 vaga<\/li>\n<li>Professor Educa\u00e7\u00e3o B\u00e1sica II \u2013 Ingl\u00eas \u2013 1 vaga<\/li>\n<li>Professor Educa\u00e7\u00e3o B\u00e1sica II \u2013 Portugu\u00eas \u2013 1 vaga<\/li>\n<li>Psic\u00f3logo \u2013 Assist\u00eancia Social \u2013 1 vaga<\/li>\n<li>Psic\u00f3logo Cl\u00ednico \u2013 3 vagas<\/li>\n<li>Psic\u00f3logo Educacional \u2013 1 vaga<\/li>\n<li>Recepcionista \u2013 4 vagas<\/li>\n<li>T\u00e9cnico em Enfermagem \u2013 6 vagas<\/li>\n<li>T\u00e9cnico em Laborat\u00f3rio \u2013 2 vagas<\/li>\n<li>T\u00e9cnico em Radiologia \u2013 1 vaga<\/li>\n<\/ul>\n<h2 class=\"wp-block-heading\">Provas do concurso da prefeitura de Boqueir\u00e3o<\/h2>\n<p>O certame ser\u00e1 constitu\u00eddo por tr\u00eas etapas, de acordo com o cargo: avalia\u00e7\u00e3o de conhecimentos atrav\u00e9s de provas escritas objetivas aplicadas para todos os cargos no dia 23 de novembro; prova pr\u00e1tica para alguns cargos de n\u00edvel fundamental; e prova de t\u00edtulos para os cargos de n\u00edvel superior.<\/p>\n","protected":false},"excerpt":{"rendered":"<p>O edital do concurso da prefeitura de Boqueir\u00e3o, no Cariri da Para\u00edba, foi publicado nesta segunda-feira (1\u00b0). Ao todo, s\u00e3o 103 vagas para cargos de&hellip; <\/p>\n","protected":false},"author":6,"featured_media":298116,"comment_status":"closed","ping_status":"closed","sticky":false,"template":"","format":"standard","meta":{"sfsi_plus_gutenberg_text_before_share":"","sfsi_plus_gutenberg_show_text_before_share":"","sfsi_plus_gutenberg_icon_type":"","sfsi_plus_gutenberg_icon_alignemt":"","sfsi_plus_gutenburg_max_per_row":"","footnotes":""},"categories":[106,50,2],"tags":[],"class_list":["post-304213","post","type-post","status-publish","format-standard","has-post-thumbnail","hentry","category-cariri","category-destaque","category-geral"],"_links":{"self":[{"href":"https:\/\/www.caririemacao.com\/1\/wp-json\/wp\/v2\/posts\/304213","targetHints":{"allow":["GET"]}}],"collection":[{"href":"https:\/\/www.caririemacao.com\/1\/wp-json\/wp\/v2\/posts"}],"about":[{"href":"https:\/\/www.caririemacao.com\/1\/wp-json\/wp\/v2\/types\/post"}],"author":[{"embeddable":true,"href":"https:\/\/www.caririemacao.com\/1\/wp-json\/wp\/v2\/users\/6"}],"replies":[{"embeddable":true,"href":"https:\/\/www.caririemacao.com\/1\/wp-json\/wp\/v2\/comments?post=304213"}],"version-history":[{"count":1,"href":"https:\/\/www.caririemacao.com\/1\/wp-json\/wp\/v2\/posts\/304213\/revisions"}],"predecessor-version":[{"id":304215,"href":"https:\/\/www.caririemacao.com\/1\/wp-json\/wp\/v2\/posts\/304213\/revisions\/304215"}],"wp:featuredmedia":[{"embeddable":true,"href":"https:\/\/www.caririemacao.com\/1\/wp-json\/wp\/v2\/media\/298116"}],"wp:attachment":[{"href":"https:\/\/www.caririemacao.com\/1\/wp-json\/wp\/v2\/media?parent=304213"}],"wp:term":[{"taxonomy":"category","embeddable":true,"href":"https:\/\/www.caririemacao.com\/1\/wp-json\/wp\/v2\/categories?post=304213"},{"taxonomy":"post_tag","embeddable":true,"href":"https:\/\/www.caririemacao.com\/1\/wp-json\/wp\/v2\/tags?post=304213"}],"curies":[{"name":"wp","href":"https:\/\/api.w.org\/{rel}","templated":true}]}}