{"id":30439,"date":"2017-10-11T06:07:23","date_gmt":"2017-10-11T09:07:23","guid":{"rendered":"http:\/\/caririemacao.com\/1\/?p=30439"},"modified":"2017-10-11T06:07:23","modified_gmt":"2017-10-11T09:07:23","slug":"ministerio-da-saude-libera-r-14-milhao-para-ampliar-e-qualificar-o-samu-na-paraiba","status":"publish","type":"post","link":"https:\/\/www.caririemacao.com\/1\/2017\/10\/11\/ministerio-da-saude-libera-r-14-milhao-para-ampliar-e-qualificar-o-samu-na-paraiba\/","title":{"rendered":"Minist\u00e9rio da Sa\u00fade libera R$ 1,4 milh\u00e3o para ampliar e qualificar o Samu na Para\u00edba"},"content":{"rendered":"<p>O Minist\u00e9rio da Sa\u00fade vai refor\u00e7ar o atendimento de urg\u00eancia e emerg\u00eancia em 155 munic\u00edpios do pa\u00eds. Para a Para\u00edba s\u00e3o R$ 1,4 milh\u00e3o a mais por ano para custear 13 servi\u00e7os do Servi\u00e7o de Atendimento M\u00f3vel de Urg\u00eancia (Samu) 192. O an\u00fancio foi feito nesta ter\u00e7a-feira (10) pelo Ministro da Sa\u00fade, Ricardo Barros. Em todo pa\u00eds, ser\u00e3o mais R$ 33 milh\u00f5es por ano para ampliar e qualificar o Samu 192. Esses recursos ser\u00e3o destinados a 241 servi\u00e7os, um total de 148 ambul\u00e2ncias, oito motol\u00e2ncias, dois aerom\u00e9dicos, uma ambul\u00e2ncia a e sete centrais de regula\u00e7\u00e3o.<\/p>\n<p>O novo aporte garante o funcionamento de 57 servi\u00e7os que ainda n\u00e3o recebiam custeio federal, sobrecarregando estados e munic\u00edpios. Ao todo, ser\u00e3o habilitadas com o refor\u00e7o 50 ambul\u00e2ncias, cinco motol\u00e2ncias, um aerom\u00e9dico e uma central de regula\u00e7\u00e3o, um impacto de R$ 13 milh\u00f5es por ano.<\/p>\n<p>Na Para\u00edba, o montante ser\u00e1 destinado para o aumento do n\u00famero de ambul\u00e2ncias. A cidade de Guarabira ter\u00e1 tr\u00eas novos ve\u00edculos, enquanto Coremas e Sol\u00e2nea v\u00e3o ter direito a dois, cada. J\u00e1 os munic\u00edpios de Boqueir\u00e3o, Bel\u00e9m, Diamante, Ibiara, Rem\u00edgio e Igaracy v\u00e3o receber uma ambul\u00e2ncia, cada um.<\/p>\n<p>\u201cA partir de agora, esses munic\u00edpios poder\u00e3o contar com o apoio do governo federal para continuar oferecendo atendimento de qualidade \u00e0 popula\u00e7\u00e3o. \u00c9 importante ressaltar que, nesta gest\u00e3o, todos os pedidos para habilita\u00e7\u00e3o e qualifica\u00e7\u00e3o de SAMU e UPA 24hs dos munic\u00edpios que entregaram a documenta\u00e7\u00e3o exigida em Portaria foram atendidos. Nosso compromisso \u00e9 ampliar e melhorar o atendimento da rede de urg\u00eancia e emerg\u00eancia do pa\u00eds, beneficiando toda a popula\u00e7\u00e3o\u201d, destacou o ministro da Sa\u00fade, Ricardo Barros, durante coletiva.<\/p>\n<p><strong>CARIRI EM A\u00c7\u00c3O\u00a0<\/strong><\/p>\n<p><em>Com Portal Correio\/Foto:Reprodu\u00e7\u00e3o Google\u00a0<\/em><\/p>\n<p><strong>Leia mais not\u00edcias em\u00a0<\/strong><a href=\"http:\/\/www.caririemacao.com\/\"><strong>caririemacao.com<\/strong><\/a><strong>, siga nossa p\u00e1gina no\u00a0<\/strong><a href=\"https:\/\/www.facebook.com\/CaririEmAcao\/?ref=aymt_homepage_panel\"><strong>Facebook<\/strong><\/a>,<strong>\u00a0<\/strong><a href=\"https:\/\/www.instagram.com\/cariri_em_acao\/?hl=pt-br\"><strong>Instagram<\/strong><\/a><strong>\u00a0e\u00a0<\/strong><a href=\"https:\/\/www.youtube.com\/channel\/UCAptA0jQuYQy8vMhLt2m4qg\"><strong>Youtube<\/strong><\/a><strong>\u00a0e veja nossas mat\u00e9rias, v\u00eddeos e fotos. Voc\u00ea tamb\u00e9m pode enviar informa\u00e7\u00f5es \u00e0 Reda\u00e7\u00e3o do Portal Cariri em A\u00e7\u00e3o pelo WhatsApp (83) 9 9634.5791, (83) 9 9601-1162.<\/strong><\/p>\n","protected":false},"excerpt":{"rendered":"<p>O Minist\u00e9rio da Sa\u00fade vai refor\u00e7ar o atendimento de urg\u00eancia e emerg\u00eancia em 155 munic\u00edpios do pa\u00eds. Para a Para\u00edba s\u00e3o R$ 1,4 milh\u00e3o a&hellip; <\/p>\n","protected":false},"author":2,"featured_media":28202,"comment_status":"closed","ping_status":"closed","sticky":false,"template":"","format":"standard","meta":{"sfsi_plus_gutenberg_text_before_share":"","sfsi_plus_gutenberg_show_text_before_share":"","sfsi_plus_gutenberg_icon_type":"","sfsi_plus_gutenberg_icon_alignemt":"","sfsi_plus_gutenburg_max_per_row":"","footnotes":""},"categories":[16],"tags":[],"class_list":["post-30439","post","type-post","status-publish","format-standard","has-post-thumbnail","hentry","category-saude"],"_links":{"self":[{"href":"https:\/\/www.caririemacao.com\/1\/wp-json\/wp\/v2\/posts\/30439","targetHints":{"allow":["GET"]}}],"collection":[{"href":"https:\/\/www.caririemacao.com\/1\/wp-json\/wp\/v2\/posts"}],"about":[{"href":"https:\/\/www.caririemacao.com\/1\/wp-json\/wp\/v2\/types\/post"}],"author":[{"embeddable":true,"href":"https:\/\/www.caririemacao.com\/1\/wp-json\/wp\/v2\/users\/2"}],"replies":[{"embeddable":true,"href":"https:\/\/www.caririemacao.com\/1\/wp-json\/wp\/v2\/comments?post=30439"}],"version-history":[{"count":0,"href":"https:\/\/www.caririemacao.com\/1\/wp-json\/wp\/v2\/posts\/30439\/revisions"}],"wp:featuredmedia":[{"embeddable":true,"href":"https:\/\/www.caririemacao.com\/1\/wp-json\/wp\/v2\/media\/28202"}],"wp:attachment":[{"href":"https:\/\/www.caririemacao.com\/1\/wp-json\/wp\/v2\/media?parent=30439"}],"wp:term":[{"taxonomy":"category","embeddable":true,"href":"https:\/\/www.caririemacao.com\/1\/wp-json\/wp\/v2\/categories?post=30439"},{"taxonomy":"post_tag","embeddable":true,"href":"https:\/\/www.caririemacao.com\/1\/wp-json\/wp\/v2\/tags?post=30439"}],"curies":[{"name":"wp","href":"https:\/\/api.w.org\/{rel}","templated":true}]}}