{"id":30444,"date":"2017-10-11T06:17:39","date_gmt":"2017-10-11T09:17:39","guid":{"rendered":"http:\/\/caririemacao.com\/1\/?p=30444"},"modified":"2017-10-11T06:17:39","modified_gmt":"2017-10-11T09:17:39","slug":"ligia-enaltece-rc-defende-manutencao-da-alianca-do-pdt-com-o-psb-para-2018-e-crava-projeto-sera-vencedor","status":"publish","type":"post","link":"https:\/\/www.caririemacao.com\/1\/2017\/10\/11\/ligia-enaltece-rc-defende-manutencao-da-alianca-do-pdt-com-o-psb-para-2018-e-crava-projeto-sera-vencedor\/","title":{"rendered":"L\u00edgia enaltece RC, defende manuten\u00e7\u00e3o da alian\u00e7a do PDT com o PSB para 2018 e crava: \u201cProjeto ser\u00e1 vencedor\u201d"},"content":{"rendered":"<p>A vice-governadora L\u00edgia Feliciano (PDT) defendeu, na tarde desta ter\u00e7a-feira (10), que a alian\u00e7a com o PSB seja mantida para a elei\u00e7\u00e3o 2018, na Para\u00edba, refor\u00e7ando uma tend\u00eancia nacional.<\/p>\n<p>Nos bastidores, as c\u00fapulas dos dois partidos costuram uma alian\u00e7a que estabelece apoio do PSB \u00e0 candidatura de Ciro Gomes \u00e0 presid\u00eancia da Rep\u00fablica, enquanto o PDT apoiaria candidaturas de girass\u00f3is aos governos dos estados.<\/p>\n<p>\u201cAcho que as conversas partid\u00e1rias s\u00e3o positivas. Temos um pr\u00e9-candidato \u00e0 presid\u00eancia [Ciro Gomes] e na Para\u00edba o PDT sempre foi aliado ao PSB e assim pensamos em manter. Nada que isso justifique alguma contrapartida, mas sim uma alian\u00e7a ideol\u00f3gica partid\u00e1ria\u201d, argumentou.<\/p>\n<p>Em que pese evite falar sobre 2018, L\u00edgia Feliciano exaltou o governador Ricardo Coutinho, antes de afirmar que acredita na vit\u00f3ria do atual \u2018projeto\u2019.<\/p>\n<p>\u201cTenho certeza que o povo da Para\u00edba vai reconhecer o trabalho desse governo. A pr\u00f3pria oposi\u00e7\u00e3o concorda que esse governo transformou a vida dos paraibanos. Tenho orgulho de fazer parte desse governo liderado pelo governador Ricardo Coutinho. Esse projeto vai ser vencedor\u201d, afirmou.<\/p>\n<p><strong>CARIRI EM A\u00c7\u00c3O\u00a0<\/strong><\/p>\n<p><em>Com Ascom\/Foto:Reprodu\u00e7\u00e3o assessoria\u00a0<\/em><\/p>\n<p><strong>Leia mais not\u00edcias em\u00a0<\/strong><a href=\"http:\/\/www.caririemacao.com\/\"><strong>caririemacao.com<\/strong><\/a><strong>, siga nossa p\u00e1gina no\u00a0<\/strong><a href=\"https:\/\/www.facebook.com\/CaririEmAcao\/?ref=aymt_homepage_panel\"><strong>Facebook<\/strong><\/a>,<strong>\u00a0<\/strong><a href=\"https:\/\/www.instagram.com\/cariri_em_acao\/?hl=pt-br\"><strong>Instagram<\/strong><\/a><strong>\u00a0e\u00a0<\/strong><a href=\"https:\/\/www.youtube.com\/channel\/UCAptA0jQuYQy8vMhLt2m4qg\"><strong>Youtube<\/strong><\/a><strong>\u00a0e veja nossas mat\u00e9rias, v\u00eddeos e fotos. Voc\u00ea tamb\u00e9m pode enviar informa\u00e7\u00f5es \u00e0 Reda\u00e7\u00e3o do Portal Cariri em A\u00e7\u00e3o pelo WhatsApp (83) 9 9634.5791, (83) 9 9601-1162.<\/strong><\/p>\n","protected":false},"excerpt":{"rendered":"<p>A vice-governadora L\u00edgia Feliciano (PDT) defendeu, na tarde desta ter\u00e7a-feira (10), que a alian\u00e7a com o PSB seja mantida para a elei\u00e7\u00e3o 2018, na Para\u00edba,&hellip; <\/p>\n","protected":false},"author":2,"featured_media":30446,"comment_status":"closed","ping_status":"closed","sticky":false,"template":"","format":"standard","meta":{"sfsi_plus_gutenberg_text_before_share":"","sfsi_plus_gutenberg_show_text_before_share":"","sfsi_plus_gutenberg_icon_type":"","sfsi_plus_gutenberg_icon_alignemt":"","sfsi_plus_gutenburg_max_per_row":"","footnotes":""},"categories":[11],"tags":[],"class_list":["post-30444","post","type-post","status-publish","format-standard","has-post-thumbnail","hentry","category-politica"],"_links":{"self":[{"href":"https:\/\/www.caririemacao.com\/1\/wp-json\/wp\/v2\/posts\/30444","targetHints":{"allow":["GET"]}}],"collection":[{"href":"https:\/\/www.caririemacao.com\/1\/wp-json\/wp\/v2\/posts"}],"about":[{"href":"https:\/\/www.caririemacao.com\/1\/wp-json\/wp\/v2\/types\/post"}],"author":[{"embeddable":true,"href":"https:\/\/www.caririemacao.com\/1\/wp-json\/wp\/v2\/users\/2"}],"replies":[{"embeddable":true,"href":"https:\/\/www.caririemacao.com\/1\/wp-json\/wp\/v2\/comments?post=30444"}],"version-history":[{"count":0,"href":"https:\/\/www.caririemacao.com\/1\/wp-json\/wp\/v2\/posts\/30444\/revisions"}],"wp:featuredmedia":[{"embeddable":true,"href":"https:\/\/www.caririemacao.com\/1\/wp-json\/wp\/v2\/media\/30446"}],"wp:attachment":[{"href":"https:\/\/www.caririemacao.com\/1\/wp-json\/wp\/v2\/media?parent=30444"}],"wp:term":[{"taxonomy":"category","embeddable":true,"href":"https:\/\/www.caririemacao.com\/1\/wp-json\/wp\/v2\/categories?post=30444"},{"taxonomy":"post_tag","embeddable":true,"href":"https:\/\/www.caririemacao.com\/1\/wp-json\/wp\/v2\/tags?post=30444"}],"curies":[{"name":"wp","href":"https:\/\/api.w.org\/{rel}","templated":true}]}}