{"id":304447,"date":"2025-09-08T09:53:11","date_gmt":"2025-09-08T12:53:11","guid":{"rendered":"https:\/\/www.caririemacao.com\/1\/?p=304447"},"modified":"2025-09-08T09:53:11","modified_gmt":"2025-09-08T12:53:11","slug":"prefeito-felicio-queiroz-prestigia-desfile-civico-de-07-de-setembro-em-sao-jose-dos-cordeiros","status":"publish","type":"post","link":"https:\/\/www.caririemacao.com\/1\/2025\/09\/08\/prefeito-felicio-queiroz-prestigia-desfile-civico-de-07-de-setembro-em-sao-jose-dos-cordeiros\/","title":{"rendered":"Prefeito Fel\u00edcio Queiroz prestigia Desfile C\u00edvico de 07 de Setembro em S\u00e3o Jos\u00e9 dos Cordeiros"},"content":{"rendered":"<p data-start=\"227\" data-end=\"500\">O prefeito de S\u00e3o Jos\u00e9 dos Cordeiros, Fel\u00edcio Queiroz, participou na tarde deste s\u00e1bado (07) do Desfile C\u00edvico em comemora\u00e7\u00e3o ao Dia da Independ\u00eancia do Brasil. O evento reuniu alunos, professores, gestores e a comunidade em um momento marcado pelo civismo e patriotismo.<\/p>\n<p data-start=\"227\" data-end=\"500\"><img fetchpriority=\"high\" decoding=\"async\" class=\"aligncenter\" src=\"https:\/\/scontent.fcau26-1.fna.fbcdn.net\/v\/t51.82787-15\/543393346_18526682971026211_1838352566005494497_n.jpg?_nc_cat=105&amp;ccb=1-7&amp;_nc_sid=127cfc&amp;_nc_eui2=AeHmy4RHtTjsUoancHSYSiI0UVCaOvM_9NFRUJo68z_00RYb8BqITBMf-0ApEMX2M8FPKvOx4TfWoqjFvaaMdodT&amp;_nc_ohc=WEXbQaweRW0Q7kNvwFAwRTF&amp;_nc_oc=AdlZD9JGKHKbk7eeTIsP3LFVQMnUGENK95TEh1eXuiE4_ZKEJspZfx2-Oi7JKdSm2Fs&amp;_nc_zt=23&amp;_nc_ht=scontent.fcau26-1.fna&amp;_nc_gid=lcUAqWTsPjOIi46aKESbzg&amp;oh=00_AfZx9JueuCRGGXmqwj4kqp29PdElS7V4iZRKfPn7BMYJUg&amp;oe=68C498B7\" alt=\"Pode ser uma imagem de 5 pessoas, crian\u00e7a e texto\" width=\"363\" height=\"454\" \/><\/p>\n<p data-start=\"502\" data-end=\"678\">A solenidade contou com a presen\u00e7a da rede municipal de ensino, que apresentou diferentes alas tem\u00e1ticas, evidenciando a dedica\u00e7\u00e3o dos estudantes e profissionais da educa\u00e7\u00e3o.<\/p>\n<p data-start=\"680\" data-end=\"1181\">Durante sua participa\u00e7\u00e3o, o prefeito Fel\u00edcio Queiroz destacou a import\u00e2ncia da celebra\u00e7\u00e3o e enalteceu o empenho da comunidade escolar.<\/p>\n<p data-start=\"680\" data-end=\"1181\"><img decoding=\"async\" class=\"aligncenter lazyload\" data-src=\"https:\/\/scontent.fcau26-1.fna.fbcdn.net\/v\/t51.82787-15\/542987889_18526682857026211_1317320329794915556_n.jpg?_nc_cat=108&amp;ccb=1-7&amp;_nc_sid=127cfc&amp;_nc_eui2=AeHEr-nHlbMOW5cNq6Hh3xTHBE1xZkdsw_AETXFmR2zD8EUR0bvZtBavl3J91SROBIY2ARzggzC7NpBzz3Ch_ZlC&amp;_nc_ohc=p82pSgMd7iMQ7kNvwG9RgEz&amp;_nc_oc=AdmU6o3d8Omx-F-wfEAsmffGeuWdhK0z5QJwuosdSHgSSPkOL74nEXiu5p_JOB1aUqY&amp;_nc_zt=23&amp;_nc_ht=scontent.fcau26-1.fna&amp;_nc_gid=kH8rkQx57GRVe8fSoanktg&amp;oh=00_AfZCWOBDCuxQFs84uCCv76c0EXma0vg11bbfiX7YAp1MYw&amp;oe=68C48DEA\" alt=\"Pode ser uma imagem de 16 pessoas, crian\u00e7a e texto\" width=\"343\" height=\"429\" src=\"data:image\/svg+xml;base64,PHN2ZyB3aWR0aD0iMSIgaGVpZ2h0PSIxIiB4bWxucz0iaHR0cDovL3d3dy53My5vcmcvMjAwMC9zdmciPjwvc3ZnPg==\" style=\"--smush-placeholder-width: 343px; --smush-placeholder-aspect-ratio: 343\/429;\" \/><\/p>\n<p data-start=\"680\" data-end=\"1181\">\u201cFoi uma alegria prestigiar o nosso Desfile C\u00edvico. Esse \u00e9 um momento de civismo, patriotismo e tamb\u00e9m de orgulho pela dedica\u00e7\u00e3o dos alunos e profissionais da nossa rede municipal de ensino. Parabenizo cada estudante, professor, equipe gestora e todos que contribu\u00edram para o sucesso deste evento t\u00e3o significativo para S\u00e3o Jos\u00e9 dos Cordeiros\u201d, afirmou o gestor.<\/p>\n<p data-start=\"680\" data-end=\"1181\">\n<p data-start=\"680\" data-end=\"1181\"><strong>CARIRI EM A\u00c7\u00c3O<\/strong><\/p>\n","protected":false},"excerpt":{"rendered":"<p>O prefeito de S\u00e3o Jos\u00e9 dos Cordeiros, Fel\u00edcio Queiroz, participou na tarde deste s\u00e1bado (07) do Desfile C\u00edvico em comemora\u00e7\u00e3o ao Dia da Independ\u00eancia do&hellip; <\/p>\n","protected":false},"author":6,"featured_media":304448,"comment_status":"closed","ping_status":"closed","sticky":false,"template":"","format":"standard","meta":{"sfsi_plus_gutenberg_text_before_share":"","sfsi_plus_gutenberg_show_text_before_share":"","sfsi_plus_gutenberg_icon_type":"","sfsi_plus_gutenberg_icon_alignemt":"","sfsi_plus_gutenburg_max_per_row":"","footnotes":""},"categories":[50,2,91],"tags":[],"class_list":["post-304447","post","type-post","status-publish","format-standard","has-post-thumbnail","hentry","category-destaque","category-geral","category-sao-jose-dos-cordeiros"],"_links":{"self":[{"href":"https:\/\/www.caririemacao.com\/1\/wp-json\/wp\/v2\/posts\/304447","targetHints":{"allow":["GET"]}}],"collection":[{"href":"https:\/\/www.caririemacao.com\/1\/wp-json\/wp\/v2\/posts"}],"about":[{"href":"https:\/\/www.caririemacao.com\/1\/wp-json\/wp\/v2\/types\/post"}],"author":[{"embeddable":true,"href":"https:\/\/www.caririemacao.com\/1\/wp-json\/wp\/v2\/users\/6"}],"replies":[{"embeddable":true,"href":"https:\/\/www.caririemacao.com\/1\/wp-json\/wp\/v2\/comments?post=304447"}],"version-history":[{"count":1,"href":"https:\/\/www.caririemacao.com\/1\/wp-json\/wp\/v2\/posts\/304447\/revisions"}],"predecessor-version":[{"id":304449,"href":"https:\/\/www.caririemacao.com\/1\/wp-json\/wp\/v2\/posts\/304447\/revisions\/304449"}],"wp:featuredmedia":[{"embeddable":true,"href":"https:\/\/www.caririemacao.com\/1\/wp-json\/wp\/v2\/media\/304448"}],"wp:attachment":[{"href":"https:\/\/www.caririemacao.com\/1\/wp-json\/wp\/v2\/media?parent=304447"}],"wp:term":[{"taxonomy":"category","embeddable":true,"href":"https:\/\/www.caririemacao.com\/1\/wp-json\/wp\/v2\/categories?post=304447"},{"taxonomy":"post_tag","embeddable":true,"href":"https:\/\/www.caririemacao.com\/1\/wp-json\/wp\/v2\/tags?post=304447"}],"curies":[{"name":"wp","href":"https:\/\/api.w.org\/{rel}","templated":true}]}}