{"id":30451,"date":"2017-10-11T06:26:43","date_gmt":"2017-10-11T09:26:43","guid":{"rendered":"http:\/\/caririemacao.com\/1\/?p=30451"},"modified":"2017-10-11T06:53:28","modified_gmt":"2017-10-11T09:53:28","slug":"tse-tera-nove-dias-para-fiscalizar-gastos-dos-candidatos-a-presidencia","status":"publish","type":"post","link":"https:\/\/www.caririemacao.com\/1\/2017\/10\/11\/tse-tera-nove-dias-para-fiscalizar-gastos-dos-candidatos-a-presidencia\/","title":{"rendered":"TSE ter\u00e1 nove dias para fiscalizar gastos dos candidatos \u00e0 Presid\u00eancia"},"content":{"rendered":"<p>A reforma pol\u00edtica aprovada pelo Congresso vai obrigar a Justi\u00e7a Eleitoral a analisar em apenas nove dias as contas de campanha dos candidatos \u00e0 Presid\u00eancia em 2018. T\u00e9cnicos do TSE dizem que o prazo se tornou invi\u00e1vel porque a elei\u00e7\u00e3o ser\u00e1 financiada com recursos p\u00fablicos, ao contr\u00e1rio da \u00faltima, o que exige a an\u00e1lise de 100% dos gastos. Quando o dinheiro \u00e9 privado, o estudo \u00e9 feito por amostragem. Se o presidenci\u00e1vel que for para o segundo turno usar os R$ 105 milh\u00f5es do fundo p\u00fablico eleitoral, a Corte vai analisar R$ 11,7 milh\u00f5es por dia.<\/p>\n<div class=\"limite-continuar-lendo\">\u00a0<strong>Ignorados.<\/strong>\u00a0O TSE alertou o Congresso que \u00e9 imposs\u00edvel analisar as contas em nove dias e prop\u00f4s, sem sucesso, que diminu\u00edssem de 20 para 10 dias o prazo dos candidatos para enviar a presta\u00e7\u00e3o de contas.<\/div>\n<div class=\"n--noticia__newsletter\"><\/div>\n<p><strong>Daria.<\/strong>\u00a0Com isso, os t\u00e9cnicos do tribunal ganhariam quase 20 dias para fiscalizar os gastos. Sem a an\u00e1lise das contas, o presidente eleito n\u00e3o \u00e9 diplomado.<\/p>\n<p><strong>Tamo junto.<\/strong>\u00a0O mesmo prazo de nove dias tamb\u00e9m vale para a an\u00e1lise das contas das campanhas aos governos estaduais.<\/p>\n<p><strong>Estrategista.<\/strong>\u00a0O Planalto avaliou como \u201cdesejo de agradar \u00e0 oposi\u00e7\u00e3o\u201d e aos seus interlocutores no Banco Central a f\u00faria do presidente do C\u00e2mara, Rodrigo Maia, que sustou ontem a an\u00e1lise de MPs irritado pela falta de qu\u00f3rum para votar a da leni\u00eancia dos bancos.<\/p>\n<p><strong>Jogo jogado.<\/strong>\u00a0O governo diz que Maia n\u00e3o foi surpreendido. Ao contr\u00e1rio, foi avisado pelos l\u00edderes Aguinaldo Ribeiro (PP-PB) e Andr\u00e9 Moura (PSC-SE) de que a prioridade do dia era a leitura da 2.\u00aa den\u00fancia contra Temer na CCJ.<\/p>\n<p><strong>Liguem a TV.<\/strong>\u00a0Questionado se havia avisado com anteced\u00eancia o Planalto da decis\u00e3o de paralisar as vota\u00e7\u00f5es de MPs, Maia diz: \u201cAvisei a todos no microfone\u201d.<\/p>\n<p><strong>Saia-justa.<\/strong>\u00a0A ala jovem do PSDB continua desgostosa com o relator da 2\u00aa den\u00fancia contra Temer, Bonif\u00e1cio de Andrada. Dizem que n\u00e3o podem atuar efetivamente apresentando voto em separado, por exemplo. Mesmo atuando na vaga do PSC ele continua no PSDB.<\/p>\n<p><strong>Abrindo o cofre.<\/strong>\u00a0O ministro Dyogo Oliveira, Planejamento, prepara um aditamento na proposta or\u00e7ament\u00e1ria de 2018 ampliando programas sociais e investimentos. Os n\u00fameros saem no final do m\u00eas.<\/p>\n<div id=\"attachment_27281\" class=\"wp-caption aligncenter\">\n<p class=\"wp-caption-text\"><strong>No meio.<\/strong>\u00a0Apesar de ser contra afastar congressistas do mandato, o ministro Marco Aur\u00e9lio Mello, do Supremo, indaga sobre o julgamento desta quarta.<\/p>\n<\/div>\n<p><strong>Juntos?<\/strong>\u00a0\u201cPor que n\u00e3o uma decis\u00e3o un\u00e2nime? No sentido de que pode aplicar, mas a decis\u00e3o final fica com o Congresso.\u201d<\/p>\n<p><strong>CLICK.<\/strong>\u00a0A Interpol pediu ao \u2018Guinness Book\u2019 que reconhe\u00e7a recorde da PF no n\u00famero de pris\u00f5es de estrangeiros para fins de extradi\u00e7\u00e3o. Foram 56 em 2015.<\/p>\n<div id=\"attachment_27282\" class=\"wp-caption aligncenter\">\n<p><a href=\"http:\/\/politica.estadao.com.br\/blogs\/coluna-do-estadao\/wp-content\/uploads\/sites\/352\/2017\/10\/interpol.jpg\"><img fetchpriority=\"high\" decoding=\"async\" class=\" wp-image-27282\" src=\"http:\/\/politica.estadao.com.br\/blogs\/coluna-do-estadao\/wp-content\/uploads\/sites\/352\/2017\/10\/interpol.jpg\" sizes=\"(max-width: 709px) 85vw, (max-width: 909px) 67vw, (max-width: 984px) 61vw, (max-width: 1362px) 45vw, 600px\" srcset=\"http:\/\/politica.estadao.com.br\/blogs\/coluna-do-estadao\/wp-content\/uploads\/sites\/352\/2017\/10\/interpol.jpg 1158w, http:\/\/politica.estadao.com.br\/blogs\/coluna-do-estadao\/wp-content\/uploads\/sites\/352\/2017\/10\/interpol-300x152.jpg 300w, http:\/\/politica.estadao.com.br\/blogs\/coluna-do-estadao\/wp-content\/uploads\/sites\/352\/2017\/10\/interpol-768x388.jpg 768w, http:\/\/politica.estadao.com.br\/blogs\/coluna-do-estadao\/wp-content\/uploads\/sites\/352\/2017\/10\/interpol-1024x517.jpg 1024w\" alt=\"\" width=\"663\" height=\"335\" \/><\/a><\/p>\n<p class=\"wp-caption-text\"><strong>FOTO: INTERPOL<\/strong><\/p>\n<\/div>\n<p><strong>Clim\u00e3o.<\/strong>\u00a0O promotor Marcelo Milani contratou o criminalista Alberto Toron para processar dois colegas do MP de SP por cal\u00fania e difama\u00e7\u00e3o. Ele perdeu a a\u00e7\u00e3o contra Silvio Marques e Karyna Mori.<\/p>\n<p><strong>Segue a briga.<\/strong>\u00a0Milani foi acusado pelos colegas de sonegar documentos de investiga\u00e7\u00e3o de ciclovias na gest\u00e3o Haddad. Ele diz que vai recorrer e que escolheu Toron por conhec\u00ea-lo.<\/p>\n<p><strong>FRENTE A FRENTE!<\/strong><\/p>\n<p><strong>DEPUTADA MARIA DO ROS\u00c1RIO (PT-RS)\u00a0<\/strong><\/p>\n<p>\u201cO relator fecha os olhos para as provas apresentadas na acusa\u00e7\u00e3o. Se aprovado, \u00e9 um atentado \u00e0 democracia.\u201d<\/p>\n<p><strong>DEPUTADO FAUSTO PINATO (PP-SP)\u00a0<\/strong><\/p>\n<p>\u201cO relat\u00f3rio est\u00e1 tecnicamente perfeito. Ele deixa que a den\u00fancia tenha conota\u00e7\u00e3o pol\u00edtica. \u00c9 uma pe\u00e7a inepta.\u201d<\/p>\n<p><strong>CARIRI EM A\u00c7\u00c3O\u00a0<\/strong><\/p>\n<p><em>Com Estad\u00e3o\/Foto:Reprodu\u00e7\u00e3o Google\u00a0<\/em><\/p>\n<p><strong>Leia mais not\u00edcias em\u00a0<\/strong><a href=\"http:\/\/www.caririemacao.com\/\"><strong>caririemacao.com<\/strong><\/a><strong>, siga nossa p\u00e1gina no\u00a0<\/strong><a href=\"https:\/\/www.facebook.com\/CaririEmAcao\/?ref=aymt_homepage_panel\"><strong>Facebook<\/strong><\/a>,<strong>\u00a0<\/strong><a href=\"https:\/\/www.instagram.com\/cariri_em_acao\/?hl=pt-br\"><strong>Instagram<\/strong><\/a><strong>\u00a0e\u00a0<\/strong><a href=\"https:\/\/www.youtube.com\/channel\/UCAptA0jQuYQy8vMhLt2m4qg\"><strong>Youtube<\/strong><\/a><strong>\u00a0e veja nossas mat\u00e9rias, v\u00eddeos e fotos. Voc\u00ea tamb\u00e9m pode enviar informa\u00e7\u00f5es \u00e0 Reda\u00e7\u00e3o do Portal Cariri em A\u00e7\u00e3o pelo WhatsApp (83) 9 9634.5791, (83) 9 9601-1162.<\/strong><\/p>\n","protected":false},"excerpt":{"rendered":"<p>A reforma pol\u00edtica aprovada pelo Congresso vai obrigar a Justi\u00e7a Eleitoral a analisar em apenas nove dias as contas de campanha dos candidatos \u00e0 Presid\u00eancia&hellip; <\/p>\n","protected":false},"author":2,"featured_media":30457,"comment_status":"closed","ping_status":"closed","sticky":false,"template":"","format":"standard","meta":{"sfsi_plus_gutenberg_text_before_share":"","sfsi_plus_gutenberg_show_text_before_share":"","sfsi_plus_gutenberg_icon_type":"","sfsi_plus_gutenberg_icon_alignemt":"","sfsi_plus_gutenburg_max_per_row":"","footnotes":""},"categories":[11],"tags":[],"class_list":["post-30451","post","type-post","status-publish","format-standard","has-post-thumbnail","hentry","category-politica"],"_links":{"self":[{"href":"https:\/\/www.caririemacao.com\/1\/wp-json\/wp\/v2\/posts\/30451","targetHints":{"allow":["GET"]}}],"collection":[{"href":"https:\/\/www.caririemacao.com\/1\/wp-json\/wp\/v2\/posts"}],"about":[{"href":"https:\/\/www.caririemacao.com\/1\/wp-json\/wp\/v2\/types\/post"}],"author":[{"embeddable":true,"href":"https:\/\/www.caririemacao.com\/1\/wp-json\/wp\/v2\/users\/2"}],"replies":[{"embeddable":true,"href":"https:\/\/www.caririemacao.com\/1\/wp-json\/wp\/v2\/comments?post=30451"}],"version-history":[{"count":0,"href":"https:\/\/www.caririemacao.com\/1\/wp-json\/wp\/v2\/posts\/30451\/revisions"}],"wp:featuredmedia":[{"embeddable":true,"href":"https:\/\/www.caririemacao.com\/1\/wp-json\/wp\/v2\/media\/30457"}],"wp:attachment":[{"href":"https:\/\/www.caririemacao.com\/1\/wp-json\/wp\/v2\/media?parent=30451"}],"wp:term":[{"taxonomy":"category","embeddable":true,"href":"https:\/\/www.caririemacao.com\/1\/wp-json\/wp\/v2\/categories?post=30451"},{"taxonomy":"post_tag","embeddable":true,"href":"https:\/\/www.caririemacao.com\/1\/wp-json\/wp\/v2\/tags?post=30451"}],"curies":[{"name":"wp","href":"https:\/\/api.w.org\/{rel}","templated":true}]}}