{"id":304745,"date":"2025-09-14T15:11:46","date_gmt":"2025-09-14T18:11:46","guid":{"rendered":"https:\/\/www.caririemacao.com\/1\/?p=304745"},"modified":"2025-09-14T15:11:46","modified_gmt":"2025-09-14T18:11:46","slug":"homem-e-baleado-em-frente-de-casa-e-morre-no-sertao-da-paraiba-suspeito-foi-preso-pela-policia","status":"publish","type":"post","link":"https:\/\/www.caririemacao.com\/1\/2025\/09\/14\/homem-e-baleado-em-frente-de-casa-e-morre-no-sertao-da-paraiba-suspeito-foi-preso-pela-policia\/","title":{"rendered":"Homem \u00e9 baleado em frente de casa e morre no Sert\u00e3o da Para\u00edba; suspeito foi preso pela pol\u00edcia"},"content":{"rendered":"<p class=\"post-resumo\"><em><strong>De acordo com a grava\u00e7\u00e3o, \u00e9 poss\u00edvel observar que o suspeito disparou, pelo menos, cinco disparos de arma de fogo contra o homem.<\/strong><\/em><\/p>\n<p>&nbsp;<\/p>\n<p>Um homem foi baleado na noite de ontem s\u00e1bado (13) em frente de uma casa em Concei\u00e7\u00e3o, no Sert\u00e3o da Para\u00edba. Ele morreu na manh\u00e3 deste domingo (14).<\/p>\n<p>Conforme obtido pelo\u00a0ClickPB, imagens de um c\u00e2meras de seguran\u00e7a flagraram o crime, que ocorreu por volta das 18h20. Um motociclista se aproxima e efetua diversos disparos contra a v\u00edtima.<\/p>\n<p>Os tiros acertam o homem que est\u00e1 sentado, mexendo em um notebook. Em seguida, o suspeito foge e a v\u00edtima fica ca\u00edda na cal\u00e7ada.<\/p>\n<p>Ainda de acordo com a grava\u00e7\u00e3o, \u00e9 poss\u00edvel observar que o suspeito disparou, pelo menos, cinco disparos de arma de fogo contra o homem, que foi identificado como Wedson Camilo, de 35 anos de idade.<\/p>\n<figure id=\"attachment_646811\" class=\"wp-caption alignnone\" aria-describedby=\"caption-attachment-646811\"><img fetchpriority=\"high\" decoding=\"async\" class=\"wp-image-646811 size-full lazy\" src=\"https:\/\/files.clickpb.com.br\/wp-content\/uploads\/2025\/09\/14080205\/tiros.jpg\" sizes=\"(max-width: 632px) 100vw, 632px\" srcset=\"https:\/\/files.clickpb.com.br\/wp-content\/uploads\/2025\/09\/14080205\/tiros.jpg 632w, https:\/\/files.clickpb.com.br\/wp-content\/uploads\/2025\/09\/14080205\/tiros-600x334.jpg 600w, https:\/\/files.clickpb.com.br\/wp-content\/uploads\/2025\/09\/14080205\/tiros-150x84.jpg 150w\" alt=\"\" width=\"632\" height=\"352\" data-src=\"https:\/\/files.clickpb.com.br\/wp-content\/uploads\/2025\/09\/14080205\/tiros.jpg\" \/><figcaption id=\"caption-attachment-646811\" class=\"wp-caption-text\">V\u00edtima observa momento em que suspeito se aproxima em motocicleta. (Foto: reprodu\u00e7\u00e3o\/Circuito de Seguran\u00e7a)<\/figcaption><\/figure>\n<p>A v\u00edtima foi socorrida em estado grave pelo Servi\u00e7o de Atendimento M\u00f3vel de Urg\u00eancia (SAMU) para o hospital de Concei\u00e7\u00e3o e, sem seguida, para o Hospital Regional de Cajazeiras.<\/p>\n<p>O suspeito do crime fugiu, mas foi alcan\u00e7ado e preso pela\u00a0<a href=\"https:\/\/www.pm.pb.gov.br\/portal\/\" target=\"_blank\" rel=\"noopener\">Pol\u00edcia Militar<\/a>\u00a0na zona rural do munic\u00edpio, sendo conduzido \u00e0 Delegacia de Pol\u00edcia.<\/p>\n<p>Segundo a PM, o suspeito da tentativa de homic\u00eddio estava escondido na casa de sua m\u00e3e. Com ele, foi apreendido um rev\u00f3lver de calibre 38 e diversas muni\u00e7\u00f5es.<\/p>\n<p>De acordo com o Hospital de Cajazeiras, o homem n\u00e3o resistiu e morreu na manh\u00e3 deste domingo (14). A Pol\u00edcia Civil deve investigar quais seriam as motiva\u00e7\u00f5es do crime.<\/p>\n<div class=\"post-metadata-container-wrapper justify-content-between align-items-end\">\n<div class=\"post-metadata-container\">\n<p class=\"common-metadata\">\n<\/div>\n<\/div>\n","protected":false},"excerpt":{"rendered":"<p>De acordo com a grava\u00e7\u00e3o, \u00e9 poss\u00edvel observar que o suspeito disparou, pelo menos, cinco disparos de arma de fogo contra o homem. &nbsp; Um homem foi baleado na noite de ontem s\u00e1bado (13) em frente de uma casa em Concei\u00e7\u00e3o, no Sert\u00e3o da Para\u00edba. Ele morreu na manh\u00e3 deste domingo (14). Conforme obtido pelo\u00a0ClickPB, imagens de um c\u00e2meras de seguran\u00e7a flagraram o crime, que ocorreu por volta das 18h20. Um motociclista se aproxima e efetua diversos disparos contra a v\u00edtima. Os tiros acertam o homem que est\u00e1 sentado, mexendo em um notebook. Em seguida, o suspeito foge e a v\u00edtima fica ca\u00edda na cal\u00e7ada. Ainda de acordo com a grava\u00e7\u00e3o, \u00e9 poss\u00edvel observar que o suspeito disparou, pelo menos, cinco disparos de arma de fogo contra o homem, que foi identificado como Wedson Camilo, de 35 anos de idade. V\u00edtima observa momento em que suspeito se aproxima em motocicleta. (Foto: reprodu\u00e7\u00e3o\/Circuito de Seguran\u00e7a) A v\u00edtima foi socorrida em estado grave pelo Servi\u00e7o de Atendimento M\u00f3vel de Urg\u00eancia (SAMU) para o hospital de Concei\u00e7\u00e3o e, sem seguida, para o Hospital Regional de Cajazeiras. O suspeito do crime fugiu, mas foi alcan\u00e7ado e preso pela\u00a0Pol\u00edcia Militar\u00a0na zona rural do munic\u00edpio, sendo conduzido \u00e0 Delegacia de Pol\u00edcia. Segundo a PM, o suspeito da tentativa de homic\u00eddio estava escondido na casa de sua m\u00e3e. Com ele, foi apreendido um rev\u00f3lver de calibre 38 e diversas muni\u00e7\u00f5es. De acordo com o Hospital de Cajazeiras, o homem n\u00e3o resistiu e morreu na manh\u00e3 deste domingo (14). A Pol\u00edcia Civil deve investigar quais seriam as motiva\u00e7\u00f5es do crime.<\/p>\n","protected":false},"author":6,"featured_media":304746,"comment_status":"closed","ping_status":"closed","sticky":false,"template":"","format":"standard","meta":{"sfsi_plus_gutenberg_text_before_share":"","sfsi_plus_gutenberg_show_text_before_share":"","sfsi_plus_gutenberg_icon_type":"","sfsi_plus_gutenberg_icon_alignemt":"","sfsi_plus_gutenburg_max_per_row":"","footnotes":""},"categories":[50,12,105],"tags":[],"class_list":["post-304745","post","type-post","status-publish","format-standard","has-post-thumbnail","hentry","category-destaque","category-policia","category-sertao"],"_links":{"self":[{"href":"https:\/\/www.caririemacao.com\/1\/wp-json\/wp\/v2\/posts\/304745","targetHints":{"allow":["GET"]}}],"collection":[{"href":"https:\/\/www.caririemacao.com\/1\/wp-json\/wp\/v2\/posts"}],"about":[{"href":"https:\/\/www.caririemacao.com\/1\/wp-json\/wp\/v2\/types\/post"}],"author":[{"embeddable":true,"href":"https:\/\/www.caririemacao.com\/1\/wp-json\/wp\/v2\/users\/6"}],"replies":[{"embeddable":true,"href":"https:\/\/www.caririemacao.com\/1\/wp-json\/wp\/v2\/comments?post=304745"}],"version-history":[{"count":1,"href":"https:\/\/www.caririemacao.com\/1\/wp-json\/wp\/v2\/posts\/304745\/revisions"}],"predecessor-version":[{"id":304747,"href":"https:\/\/www.caririemacao.com\/1\/wp-json\/wp\/v2\/posts\/304745\/revisions\/304747"}],"wp:featuredmedia":[{"embeddable":true,"href":"https:\/\/www.caririemacao.com\/1\/wp-json\/wp\/v2\/media\/304746"}],"wp:attachment":[{"href":"https:\/\/www.caririemacao.com\/1\/wp-json\/wp\/v2\/media?parent=304745"}],"wp:term":[{"taxonomy":"category","embeddable":true,"href":"https:\/\/www.caririemacao.com\/1\/wp-json\/wp\/v2\/categories?post=304745"},{"taxonomy":"post_tag","embeddable":true,"href":"https:\/\/www.caririemacao.com\/1\/wp-json\/wp\/v2\/tags?post=304745"}],"curies":[{"name":"wp","href":"https:\/\/api.w.org\/{rel}","templated":true}]}}