{"id":30482,"date":"2017-10-11T04:53:42","date_gmt":"2017-10-11T07:53:42","guid":{"rendered":"http:\/\/caririemacao.com\/1\/?p=30482"},"modified":"2017-10-11T06:59:47","modified_gmt":"2017-10-11T09:59:47","slug":"quatro-prefeituras-do-cariri-se-preparam-para-lancar-editais-de-concursos","status":"publish","type":"post","link":"https:\/\/www.caririemacao.com\/1\/2017\/10\/11\/quatro-prefeituras-do-cariri-se-preparam-para-lancar-editais-de-concursos\/","title":{"rendered":"Quatro prefeituras do Cariri se preparam para lan\u00e7ar editais de concursos"},"content":{"rendered":"<p>Pelo menos quatro prefeituras da regi\u00e3o do Cariri Paraibano est\u00e3o se preparando para realizar Concursos P\u00fablicos.<\/p>\n<p>As prefeituras de Serra Branca, S\u00e3o Jo\u00e3o do Cariri, Parari e Santo Andr\u00e9 est\u00e3o preparando os detalhes finais para a realiza\u00e7\u00e3o de concursos.<\/p>\n<p>Em Parari o processo est\u00e1 bastante adiantado. De acordo com o Prefeito da cidade, Jos\u00e9 Josemar a licita\u00e7\u00e3o para a escolha da empresa organizadora do certame j\u00e1 foi realizado e a \u00c1pice Consultoria ser\u00e1 a respons\u00e1vel pela realiza\u00e7\u00e3o. O gestor parariense revelou que os \u00faltimos detalhes est\u00e3o sendo finalizados e a expectativa \u00e9 que o edital seja lan\u00e7ado ainda no m\u00eas de novembro. A quantidade de vagas ainda n\u00e3o foi definida, mas deve girar em torno de 50.<\/p>\n<p>Outra prefeitura que se prepara para realizar o Concurso P\u00fablico \u00e9 a de Santo Andr\u00e9. No munic\u00edpio, v\u00e1rios contratados j\u00e1 foram demitidos para que o executivo se ajuste as necessidades de vagas que ser\u00e3o oferecidas pelo concurso.<\/p>\n<p>A prefeitura de S\u00e3o Jo\u00e3o do Cariri tamb\u00e9m confirmou a realiza\u00e7\u00e3o do Concurso P\u00fablico que ter\u00e1 como respons\u00e1vel a CPCON \u2013 Comiss\u00e3o Permanente de Concurso da UEPB.<\/p>\n<p>Um dos concursos mais aguardados da regi\u00e3o \u00e9 o da Prefeitura de Serra Branca que deve disponibilizar um n\u00famero consider\u00e1vel de vagas em todos os n\u00edveis de escolaridade.<\/p>\n<p>Em contato com o assessor jur\u00eddico da prefeitura e designado para preparar a tramita\u00e7\u00e3o do processo, Dr. Josedeo Saraiva disse que a empresa realizadora j\u00e1 foi definida que \u00e9 a CPCON (UEPB) e faltam apenas pequenos detalhes para que o edital seja lan\u00e7ado. Dr.Josedeo ainda disse que o n\u00famero de vagas n\u00e3o foi definido, por\u00e9m em rela\u00e7\u00e3o a outros concursos realizados na regi\u00e3o, o da prefeitura de Serra Branca ter\u00e1 um n\u00famero consider\u00e1vel de vagas.<\/p>\n<p>Juntas essas quatro prefeituras caririzeiras dever\u00e3o disponibilizar mais de 200 vagas de empregos.<\/p>\n<p><strong>CARIRI EM A\u00c7\u00c3O\u00a0<\/strong><\/p>\n<p><em>Com Para\u00edba Mix\/Foto:Reprodu\u00e7\u00e3o Google\u00a0<\/em><\/p>\n<p><strong>Leia mais not\u00edcias em\u00a0<\/strong><a href=\"http:\/\/www.caririemacao.com\/\"><strong>caririemacao.com<\/strong><\/a><strong>, siga nossa p\u00e1gina no\u00a0<\/strong><a href=\"https:\/\/www.facebook.com\/CaririEmAcao\/?ref=aymt_homepage_panel\"><strong>Facebook<\/strong><\/a>,<strong>\u00a0<\/strong><a href=\"https:\/\/www.instagram.com\/cariri_em_acao\/?hl=pt-br\"><strong>Instagram<\/strong><\/a><strong>\u00a0e\u00a0<\/strong><a href=\"https:\/\/www.youtube.com\/channel\/UCAptA0jQuYQy8vMhLt2m4qg\"><strong>Youtube<\/strong><\/a><strong>\u00a0e veja nossas mat\u00e9rias, v\u00eddeos e fotos. Voc\u00ea tamb\u00e9m pode enviar informa\u00e7\u00f5es \u00e0 Reda\u00e7\u00e3o do Portal Cariri em A\u00e7\u00e3o pelo WhatsApp (83) 9 9634.5791, (83) 9 9601-1162.<\/strong><\/p>\n","protected":false},"excerpt":{"rendered":"<p>Pelo menos quatro prefeituras da regi\u00e3o do Cariri Paraibano est\u00e3o se preparando para realizar Concursos P\u00fablicos. As prefeituras de Serra Branca, S\u00e3o Jo\u00e3o do Cariri,&hellip; <\/p>\n","protected":false},"author":2,"featured_media":9527,"comment_status":"closed","ping_status":"closed","sticky":false,"template":"","format":"standard","meta":{"sfsi_plus_gutenberg_text_before_share":"","sfsi_plus_gutenberg_show_text_before_share":"","sfsi_plus_gutenberg_icon_type":"","sfsi_plus_gutenberg_icon_alignemt":"","sfsi_plus_gutenburg_max_per_row":"","footnotes":""},"categories":[2],"tags":[],"class_list":["post-30482","post","type-post","status-publish","format-standard","has-post-thumbnail","hentry","category-geral"],"_links":{"self":[{"href":"https:\/\/www.caririemacao.com\/1\/wp-json\/wp\/v2\/posts\/30482","targetHints":{"allow":["GET"]}}],"collection":[{"href":"https:\/\/www.caririemacao.com\/1\/wp-json\/wp\/v2\/posts"}],"about":[{"href":"https:\/\/www.caririemacao.com\/1\/wp-json\/wp\/v2\/types\/post"}],"author":[{"embeddable":true,"href":"https:\/\/www.caririemacao.com\/1\/wp-json\/wp\/v2\/users\/2"}],"replies":[{"embeddable":true,"href":"https:\/\/www.caririemacao.com\/1\/wp-json\/wp\/v2\/comments?post=30482"}],"version-history":[{"count":0,"href":"https:\/\/www.caririemacao.com\/1\/wp-json\/wp\/v2\/posts\/30482\/revisions"}],"wp:featuredmedia":[{"embeddable":true,"href":"https:\/\/www.caririemacao.com\/1\/wp-json\/wp\/v2\/media\/9527"}],"wp:attachment":[{"href":"https:\/\/www.caririemacao.com\/1\/wp-json\/wp\/v2\/media?parent=30482"}],"wp:term":[{"taxonomy":"category","embeddable":true,"href":"https:\/\/www.caririemacao.com\/1\/wp-json\/wp\/v2\/categories?post=30482"},{"taxonomy":"post_tag","embeddable":true,"href":"https:\/\/www.caririemacao.com\/1\/wp-json\/wp\/v2\/tags?post=30482"}],"curies":[{"name":"wp","href":"https:\/\/api.w.org\/{rel}","templated":true}]}}