{"id":304833,"date":"2025-09-16T10:05:28","date_gmt":"2025-09-16T13:05:28","guid":{"rendered":"https:\/\/www.caririemacao.com\/1\/?p=304833"},"modified":"2025-09-16T10:05:28","modified_gmt":"2025-09-16T13:05:28","slug":"israel-comeca-grande-ofensiva-na-cidade-de-gaza","status":"publish","type":"post","link":"https:\/\/www.caririemacao.com\/1\/2025\/09\/16\/israel-comeca-grande-ofensiva-na-cidade-de-gaza\/","title":{"rendered":"Israel come\u00e7a \u201cgrande ofensiva\u201d na Cidade de Gaza"},"content":{"rendered":"<p class=\"article__lead\"><em><strong>Netanyahu confirma opera\u00e7\u00e3o militar em Gaza; &#8220;Gaza est\u00e1 queimando&#8221;, anunciam os sionistas genocidas<\/strong><\/em><\/p>\n<p>Israel iniciou nesta ter\u00e7a-feira (16) uma ofensiva de grande escala contra a a Cidade de Gaza. A confirma\u00e7\u00e3o partiu do pr\u00f3prio primeiro-ministro\u00a0<b>Benjamin Netanyahu<\/b>, que, durante audi\u00eancia de seu julgamento por corrup\u00e7\u00e3o, declarou que o pa\u00eds deu in\u00edcio a uma \u201copera\u00e7\u00e3o intensiva\u201d na regi\u00e3o. &#8220;Gaza est\u00e1 queimando&#8221;, dizem os sionistas genocidas, novos nazistas, que perpetram o holocausto em pleno s\u00e9culo 21.<\/p>\n<p>Segundo o jornal The Times of Israel, Netanyahu pediu dispensa do depoimento alegando que \u201ccoisas importantes est\u00e3o acontecendo\u201d. A ofensiva tamb\u00e9m foi confirmada pelo ex\u00e9rcito de ocupa\u00e7\u00e3o.<\/p>\n<h1><b>Ofensiva em Gaza e crise humanit\u00e1ria<\/b><\/h1>\n<p>O porta-voz do ex\u00e9rcito de ocupa\u00e7\u00e3o, coronel Avichay Adraee, afirmou e\u00e1rabe, em publica\u00e7\u00e3o no X (antigo Twitter), que \u201ca Cidade de Gaza \u00e9 considerada uma zona de combate perigosa; permanecer na \u00e1rea coloca voc\u00ea em risco\u201d. Ele alertou que civis devem evacuar imediatamente a cidade e se deslocar para o sul da Faixa de Gaza.<\/p>\n<p>Ainda de acordo com Adraee, cerca de 40% da popula\u00e7\u00e3o de Gaza, estimada em um milh\u00e3o de pessoas, j\u00e1 deixou a cidade. Dados militares apontam que\u00a0<b>mais de 350 mil palestinos<\/b>\u00a0haviam sa\u00eddo at\u00e9 a noite anterior. Relatos locais e v\u00eddeos em redes sociais mostram fam\u00edlias dormindo nas ruas ap\u00f3s intensos bombardeios.<\/p>\n<div class=\"contentAd contentAd--noBackground marginBottom30\">\n<div class=\"marginTop10 adBackground\">\n<div class=\"ad marginBottom30 ad--center minHeight280\">\n<div id=\"b247-multipage-standard-3\" data-google-query-id=\"CJi48NWr3Y8DFSYzuQYdJV0Fxw\">\n<h3><b>Tens\u00f5es pol\u00edticas e cr\u00edticas internas em Israel<\/b><\/h3>\n<p>Enquanto a ofensiva avan\u00e7a, Netanyahu enfrenta press\u00e3o dentro do pa\u00eds. O\u00a0<b>Israel Business Forum<\/b>, que representa trabalhadores do setor privado em 200 das maiores empresas israelenses, divulgou nota alertando que as pol\u00edticas do governo conduzem o pa\u00eds a uma \u201cgrave e in\u00e9dita recess\u00e3o econ\u00f4mica e pol\u00edtica\u201d.<\/p>\n<p>O f\u00f3rum criticou a vis\u00e3o de Netanyahu de transformar Israel em uma \u201cSuper Esparta\u201d, advertindo que tal postura \u201cdificultar\u00e1 a sobreviv\u00eancia em um mundo globalizado\u201d. O grupo exigiu a interrup\u00e7\u00e3o imediata da guerra, a liberta\u00e7\u00e3o dos prisioneiros, a cria\u00e7\u00e3o de uma comiss\u00e3o para investigar os epis\u00f3dios de 7 de outubro de 2023 e a convoca\u00e7\u00e3o de elei\u00e7\u00f5es antecipadas.<\/p>\n<p>FONTE: Brasil 247<\/p>\n<\/div>\n<\/div>\n<\/div>\n<\/div>\n","protected":false},"excerpt":{"rendered":"<p>Netanyahu confirma opera\u00e7\u00e3o militar em Gaza; &#8220;Gaza est\u00e1 queimando&#8221;, anunciam os sionistas genocidas Israel iniciou nesta ter\u00e7a-feira (16) uma ofensiva de grande escala contra a a Cidade de Gaza. A confirma\u00e7\u00e3o partiu do pr\u00f3prio primeiro-ministro\u00a0Benjamin Netanyahu, que, durante audi\u00eancia de seu julgamento por corrup\u00e7\u00e3o, declarou que o pa\u00eds deu in\u00edcio a uma \u201copera\u00e7\u00e3o intensiva\u201d na regi\u00e3o. &#8220;Gaza est\u00e1 queimando&#8221;, dizem os sionistas genocidas, novos nazistas, que perpetram o holocausto em pleno s\u00e9culo 21. Segundo o jornal The Times of Israel, Netanyahu pediu dispensa do depoimento alegando que \u201ccoisas importantes est\u00e3o acontecendo\u201d. A ofensiva tamb\u00e9m foi confirmada pelo ex\u00e9rcito de ocupa\u00e7\u00e3o. Ofensiva em Gaza e crise humanit\u00e1ria O porta-voz do ex\u00e9rcito de ocupa\u00e7\u00e3o, coronel Avichay Adraee, afirmou e\u00e1rabe, em publica\u00e7\u00e3o no X (antigo Twitter), que \u201ca Cidade de Gaza \u00e9 considerada uma zona de combate perigosa; permanecer na \u00e1rea coloca voc\u00ea em risco\u201d. Ele alertou que civis devem evacuar imediatamente a cidade e se deslocar para o sul da Faixa de Gaza. Ainda de acordo com Adraee, cerca de 40% da popula\u00e7\u00e3o de Gaza, estimada em um milh\u00e3o de pessoas, j\u00e1 deixou a cidade. Dados militares apontam que\u00a0mais de 350 mil palestinos\u00a0haviam sa\u00eddo at\u00e9 a noite anterior. Relatos locais e v\u00eddeos em redes sociais mostram fam\u00edlias dormindo nas ruas ap\u00f3s intensos bombardeios. Tens\u00f5es pol\u00edticas e cr\u00edticas internas em Israel Enquanto a ofensiva avan\u00e7a, Netanyahu enfrenta press\u00e3o dentro do pa\u00eds. O\u00a0Israel Business Forum, que representa trabalhadores do setor privado em 200 das maiores empresas israelenses, divulgou nota alertando que as pol\u00edticas do governo conduzem o pa\u00eds a uma \u201cgrave e in\u00e9dita recess\u00e3o econ\u00f4mica e pol\u00edtica\u201d. O f\u00f3rum criticou a vis\u00e3o de Netanyahu de transformar Israel em uma \u201cSuper Esparta\u201d, advertindo que tal postura \u201cdificultar\u00e1 a sobreviv\u00eancia em um mundo globalizado\u201d. O grupo exigiu a interrup\u00e7\u00e3o imediata da guerra, a liberta\u00e7\u00e3o dos prisioneiros, a cria\u00e7\u00e3o de uma comiss\u00e3o para investigar os epis\u00f3dios de 7 de outubro de 2023 e a convoca\u00e7\u00e3o de elei\u00e7\u00f5es antecipadas. FONTE: Brasil 247<\/p>\n","protected":false},"author":6,"featured_media":304834,"comment_status":"closed","ping_status":"closed","sticky":false,"template":"","format":"standard","meta":{"sfsi_plus_gutenberg_text_before_share":"","sfsi_plus_gutenberg_show_text_before_share":"","sfsi_plus_gutenberg_icon_type":"","sfsi_plus_gutenberg_icon_alignemt":"","sfsi_plus_gutenburg_max_per_row":"","footnotes":""},"categories":[50,103],"tags":[],"class_list":["post-304833","post","type-post","status-publish","format-standard","has-post-thumbnail","hentry","category-destaque","category-mundo"],"_links":{"self":[{"href":"https:\/\/www.caririemacao.com\/1\/wp-json\/wp\/v2\/posts\/304833","targetHints":{"allow":["GET"]}}],"collection":[{"href":"https:\/\/www.caririemacao.com\/1\/wp-json\/wp\/v2\/posts"}],"about":[{"href":"https:\/\/www.caririemacao.com\/1\/wp-json\/wp\/v2\/types\/post"}],"author":[{"embeddable":true,"href":"https:\/\/www.caririemacao.com\/1\/wp-json\/wp\/v2\/users\/6"}],"replies":[{"embeddable":true,"href":"https:\/\/www.caririemacao.com\/1\/wp-json\/wp\/v2\/comments?post=304833"}],"version-history":[{"count":1,"href":"https:\/\/www.caririemacao.com\/1\/wp-json\/wp\/v2\/posts\/304833\/revisions"}],"predecessor-version":[{"id":304835,"href":"https:\/\/www.caririemacao.com\/1\/wp-json\/wp\/v2\/posts\/304833\/revisions\/304835"}],"wp:featuredmedia":[{"embeddable":true,"href":"https:\/\/www.caririemacao.com\/1\/wp-json\/wp\/v2\/media\/304834"}],"wp:attachment":[{"href":"https:\/\/www.caririemacao.com\/1\/wp-json\/wp\/v2\/media?parent=304833"}],"wp:term":[{"taxonomy":"category","embeddable":true,"href":"https:\/\/www.caririemacao.com\/1\/wp-json\/wp\/v2\/categories?post=304833"},{"taxonomy":"post_tag","embeddable":true,"href":"https:\/\/www.caririemacao.com\/1\/wp-json\/wp\/v2\/tags?post=304833"}],"curies":[{"name":"wp","href":"https:\/\/api.w.org\/{rel}","templated":true}]}}