{"id":304850,"date":"2025-09-16T16:30:07","date_gmt":"2025-09-16T19:30:07","guid":{"rendered":"https:\/\/www.caririemacao.com\/1\/?p=304850"},"modified":"2025-09-16T16:30:07","modified_gmt":"2025-09-16T19:30:07","slug":"prefeito-de-camalau-participa-de-solenidade-no-tce-pb-e-assina-termo-de-compromisso-com-a-primeira-infancia","status":"publish","type":"post","link":"https:\/\/www.caririemacao.com\/1\/2025\/09\/16\/prefeito-de-camalau-participa-de-solenidade-no-tce-pb-e-assina-termo-de-compromisso-com-a-primeira-infancia\/","title":{"rendered":"Prefeito de Camala\u00fa participa de solenidade no TCE-PB e assina Termo de Compromisso com a Primeira Inf\u00e2ncia"},"content":{"rendered":"<p>Na manh\u00e3 desta ter\u00e7a-feira (16), o Tribunal de Contas do Estado da Para\u00edba (TCE-PB) foi palco de uma solenidade de grande relev\u00e2ncia institucional, marcada pela assinatura do Termo de Compromisso com a Primeira Inf\u00e2ncia. O ato, de natureza formal e simb\u00f3lica, integra o conjunto de pol\u00edticas e iniciativas que visam fortalecer a aten\u00e7\u00e3o integral \u00e0s crian\u00e7as em seus primeiros anos de vida, reconhecidos como a etapa mais determinante para o desenvolvimento humano.<\/p>\n<p>A cerim\u00f4nia foi conduzida pelo presidente da Corte de Contas, conselheiro F\u00e1bio Nogueira, que destacou a import\u00e2ncia do pacto como instrumento de orienta\u00e7\u00e3o administrativa e, sobretudo, como um compromisso \u00e9tico dos gestores municipais com as futuras gera\u00e7\u00f5es. O conselheiro Nominando Diniz tamb\u00e9m participou, refor\u00e7ando em sua fala a necessidade de que os munic\u00edpios adotem uma postura ativa na formula\u00e7\u00e3o e execu\u00e7\u00e3o de pol\u00edticas p\u00fablicas voltadas \u00e0 inf\u00e2ncia.<\/p>\n<p>O prefeito de Camala\u00fa, Bira Mariano, esteve presente ao ato acompanhado de outros 12 prefeitos paraibanos, todos signat\u00e1rios do termo. Para ele, a iniciativa refor\u00e7a a uni\u00e3o entre os \u00f3rg\u00e3os de controle e os gestores municipais em prol de uma causa comum. \u201cEste \u00e9 um compromisso que transcende quest\u00f5es pol\u00edticas e partid\u00e1rias, pois cuidar da primeira inf\u00e2ncia significa investir no futuro de toda a nossa sociedade. Estou muito feliz em assinar este pacto em nome do povo de Camala\u00fa e reafirmar nossa dedica\u00e7\u00e3o em fortalecer as pol\u00edticas p\u00fablicas voltadas \u00e0s nossas crian\u00e7as\u201d, afirmou o gestor.<\/p>\n<p>A ocasi\u00e3o simbolizou a converg\u00eancia entre as inst\u00e2ncias de controle externo e o poder executivo municipal, em uma demonstra\u00e7\u00e3o inequ\u00edvoca de que o zelo pela primeira inf\u00e2ncia \u00e9 um dever universal e inadi\u00e1vel.<\/p>\n","protected":false},"excerpt":{"rendered":"<p>Na manh\u00e3 desta ter\u00e7a-feira (16), o Tribunal de Contas do Estado da Para\u00edba (TCE-PB) foi palco de uma solenidade de grande relev\u00e2ncia institucional, marcada pela&hellip; <\/p>\n","protected":false},"author":6,"featured_media":304851,"comment_status":"closed","ping_status":"closed","sticky":false,"template":"","format":"standard","meta":{"sfsi_plus_gutenberg_text_before_share":"","sfsi_plus_gutenberg_show_text_before_share":"","sfsi_plus_gutenberg_icon_type":"","sfsi_plus_gutenberg_icon_alignemt":"","sfsi_plus_gutenburg_max_per_row":"","footnotes":""},"categories":[71,50,2],"tags":[],"class_list":["post-304850","post","type-post","status-publish","format-standard","has-post-thumbnail","hentry","category-camalau","category-destaque","category-geral"],"_links":{"self":[{"href":"https:\/\/www.caririemacao.com\/1\/wp-json\/wp\/v2\/posts\/304850","targetHints":{"allow":["GET"]}}],"collection":[{"href":"https:\/\/www.caririemacao.com\/1\/wp-json\/wp\/v2\/posts"}],"about":[{"href":"https:\/\/www.caririemacao.com\/1\/wp-json\/wp\/v2\/types\/post"}],"author":[{"embeddable":true,"href":"https:\/\/www.caririemacao.com\/1\/wp-json\/wp\/v2\/users\/6"}],"replies":[{"embeddable":true,"href":"https:\/\/www.caririemacao.com\/1\/wp-json\/wp\/v2\/comments?post=304850"}],"version-history":[{"count":1,"href":"https:\/\/www.caririemacao.com\/1\/wp-json\/wp\/v2\/posts\/304850\/revisions"}],"predecessor-version":[{"id":304852,"href":"https:\/\/www.caririemacao.com\/1\/wp-json\/wp\/v2\/posts\/304850\/revisions\/304852"}],"wp:featuredmedia":[{"embeddable":true,"href":"https:\/\/www.caririemacao.com\/1\/wp-json\/wp\/v2\/media\/304851"}],"wp:attachment":[{"href":"https:\/\/www.caririemacao.com\/1\/wp-json\/wp\/v2\/media?parent=304850"}],"wp:term":[{"taxonomy":"category","embeddable":true,"href":"https:\/\/www.caririemacao.com\/1\/wp-json\/wp\/v2\/categories?post=304850"},{"taxonomy":"post_tag","embeddable":true,"href":"https:\/\/www.caririemacao.com\/1\/wp-json\/wp\/v2\/tags?post=304850"}],"curies":[{"name":"wp","href":"https:\/\/api.w.org\/{rel}","templated":true}]}}