{"id":304854,"date":"2025-09-16T16:47:29","date_gmt":"2025-09-16T19:47:29","guid":{"rendered":"https:\/\/www.caririemacao.com\/1\/?p=304854"},"modified":"2025-09-16T16:47:29","modified_gmt":"2025-09-16T19:47:29","slug":"prefeito-nerivan-gari-assina-adesao-de-caraubas-ao-pacto-paraibano-pela-primeira-infancia","status":"publish","type":"post","link":"https:\/\/www.caririemacao.com\/1\/2025\/09\/16\/prefeito-nerivan-gari-assina-adesao-de-caraubas-ao-pacto-paraibano-pela-primeira-infancia\/","title":{"rendered":"Prefeito Nerivan Gari assina ades\u00e3o de Cara\u00fabas ao Pacto Paraibano pela Primeira Inf\u00e2ncia"},"content":{"rendered":"<p data-start=\"241\" data-end=\"632\">O munic\u00edpio de Cara\u00fabas deu um passo significativo em defesa das crian\u00e7as ao assinar, nesta ter\u00e7a-feira (16), o Termo de Ades\u00e3o ao Pacto Paraibano pela Primeira Inf\u00e2ncia. A iniciativa reafirma o compromisso da gest\u00e3o municipal em cuidar, proteger e garantir pol\u00edticas p\u00fablicas voltadas aos primeiros anos de vida \u2014 considerados a fase mais importante para o desenvolvimento humano.<\/p>\n<p data-start=\"634\" data-end=\"822\">Com a ades\u00e3o, Cara\u00fabas se une a outros munic\u00edpios paraibanos em um movimento coletivo que busca fortalecer a\u00e7\u00f5es que coloquem a inf\u00e2ncia no centro das decis\u00f5es administrativas e sociais.<\/p>\n<p data-start=\"824\" data-end=\"1221\">O prefeito Nerivan Gari destacou a import\u00e2ncia do momento. \u201cAssinar este pacto \u00e9 uma forma de mostrar que nossa prioridade est\u00e1 no presente e no futuro das nossas crian\u00e7as. Cuidar da primeira inf\u00e2ncia \u00e9 cuidar de todo o desenvolvimento humano e social de Cara\u00fabas. Estamos reafirmando que o nosso trabalho tem como foco o bem-estar das fam\u00edlias e o futuro da nossa cidade\u201d, afirmou o gestor.<\/p>\n<p data-start=\"1223\" data-end=\"1393\">A assinatura representa a converg\u00eancia de esfor\u00e7os entre munic\u00edpios e estado, refor\u00e7ando o compromisso coletivo de promover pol\u00edticas p\u00fablicas mais justas e inclusivas.<\/p>\n<p data-start=\"1223\" data-end=\"1393\">\n<p data-start=\"1223\" data-end=\"1393\"><strong>CARIRI EM A\u00c7\u00c3O<\/strong><\/p>\n","protected":false},"excerpt":{"rendered":"<p>O munic\u00edpio de Cara\u00fabas deu um passo significativo em defesa das crian\u00e7as ao assinar, nesta ter\u00e7a-feira (16), o Termo de Ades\u00e3o ao Pacto Paraibano pela&hellip; <\/p>\n","protected":false},"author":6,"featured_media":304855,"comment_status":"closed","ping_status":"closed","sticky":false,"template":"","format":"standard","meta":{"sfsi_plus_gutenberg_text_before_share":"","sfsi_plus_gutenberg_show_text_before_share":"","sfsi_plus_gutenberg_icon_type":"","sfsi_plus_gutenberg_icon_alignemt":"","sfsi_plus_gutenburg_max_per_row":"","footnotes":""},"categories":[73,50,2],"tags":[],"class_list":["post-304854","post","type-post","status-publish","format-standard","has-post-thumbnail","hentry","category-caraubas","category-destaque","category-geral"],"_links":{"self":[{"href":"https:\/\/www.caririemacao.com\/1\/wp-json\/wp\/v2\/posts\/304854","targetHints":{"allow":["GET"]}}],"collection":[{"href":"https:\/\/www.caririemacao.com\/1\/wp-json\/wp\/v2\/posts"}],"about":[{"href":"https:\/\/www.caririemacao.com\/1\/wp-json\/wp\/v2\/types\/post"}],"author":[{"embeddable":true,"href":"https:\/\/www.caririemacao.com\/1\/wp-json\/wp\/v2\/users\/6"}],"replies":[{"embeddable":true,"href":"https:\/\/www.caririemacao.com\/1\/wp-json\/wp\/v2\/comments?post=304854"}],"version-history":[{"count":1,"href":"https:\/\/www.caririemacao.com\/1\/wp-json\/wp\/v2\/posts\/304854\/revisions"}],"predecessor-version":[{"id":304856,"href":"https:\/\/www.caririemacao.com\/1\/wp-json\/wp\/v2\/posts\/304854\/revisions\/304856"}],"wp:featuredmedia":[{"embeddable":true,"href":"https:\/\/www.caririemacao.com\/1\/wp-json\/wp\/v2\/media\/304855"}],"wp:attachment":[{"href":"https:\/\/www.caririemacao.com\/1\/wp-json\/wp\/v2\/media?parent=304854"}],"wp:term":[{"taxonomy":"category","embeddable":true,"href":"https:\/\/www.caririemacao.com\/1\/wp-json\/wp\/v2\/categories?post=304854"},{"taxonomy":"post_tag","embeddable":true,"href":"https:\/\/www.caririemacao.com\/1\/wp-json\/wp\/v2\/tags?post=304854"}],"curies":[{"name":"wp","href":"https:\/\/api.w.org\/{rel}","templated":true}]}}