{"id":305002,"date":"2025-09-20T08:51:09","date_gmt":"2025-09-20T11:51:09","guid":{"rendered":"https:\/\/www.caririemacao.com\/1\/?p=305002"},"modified":"2025-09-20T08:51:09","modified_gmt":"2025-09-20T11:51:09","slug":"empreendedor-de-cabaceiras-vende-acessorios-artesanais-de-couro-de-bode-por-ate-r-23-mil","status":"publish","type":"post","link":"https:\/\/www.caririemacao.com\/1\/2025\/09\/20\/empreendedor-de-cabaceiras-vende-acessorios-artesanais-de-couro-de-bode-por-ate-r-23-mil\/","title":{"rendered":"Empreendedor de Cabaceiras vende acess\u00f3rios artesanais de couro de bode por at\u00e9 R$ 2,3 mil"},"content":{"rendered":"<p>J\u00fanior Sousa, fundador do Atelier Jrs Couros, deu os primeiros passos com seu\u00a0neg\u00f3cio\u00a0no in\u00edcio dos anos 2000, quando Cabaceiras, na Para\u00edba, come\u00e7ou a se destacar como destino tur\u00edstico com a cria\u00e7\u00e3o do Festival do Bode Rei \u2014 evento que re\u00fane exposi\u00e7\u00f5es, feiras de artesanato, gastronomia e apresenta\u00e7\u00f5es culturais. Ao notar a chegada de visitantes de todo o Brasil, ele enxergou uma oportunidade: transformar retalhos de couro de bode que seriam descartados em chaveiros artesanais.<\/p>\n<p>As primeiras pe\u00e7as representavam s\u00edmbolos da cultura nordestina: miniaturas de alpargatas, chap\u00e9us de vaqueiro, o chap\u00e9u de Lampi\u00e3o e pequenas bolsas que remetiam ao canga\u00e7o. \u201dO turista chegava e n\u00e3o sa\u00eda de m\u00e3os vazias\u201d, diz o empreendedor\u00a0de 44 anos.<\/p>\n<p>Ele trabalha ao lado da esposa e da filha de 13 anos, que participa quando n\u00e3o est\u00e1 na escola. A produ\u00e7\u00e3o varia entre 30 e 40 pe\u00e7as por m\u00eas, todas feitas manualmente. Atualmente, o portf\u00f3lio inclui bolsas, carteiras, mochilas, n\u00e9cessaires, chap\u00e9us e coletes. Os pre\u00e7os mudam de acordo com o tipo de produto e o trabalho envolvido. Uma carteira custa a partir R$ 45, mas um colete, que leva uma semana para ser produzido, chega a R$ 2,3 mil<\/p>\n<p>A voca\u00e7\u00e3o de Sousa n\u00e3o surgiu por acaso. Ele \u00e9 a quinta gera\u00e7\u00e3o de uma fam\u00edlia que atua no mesmo segmento. O pai trabalhava com selaria e roupas, enquanto a m\u00e3e costurava roupas e pe\u00e7as de sela. \u201cMinha m\u00e3e j\u00e1 ajudava a minha av\u00f3, que por sua vez j\u00e1 tinha aprendido com a m\u00e3e dela. Do lado do meu pai era a mesma coisa\u201d, conta.<\/p>\n<p>\u201cSempre gostei de observar. Ia a eventos, olhava as pe\u00e7as e voltava para o ateli\u00ea. Pegava papel, desenhava, cortava, fazia testes. Entre erros e acertos, fui me aperfei\u00e7oando\u201d, explica. Hoje, al\u00e9m de artes\u00e3o, ele tamb\u00e9m \u00e9 modelista e desenvolve sozinho os moldes de todas as cria\u00e7\u00f5es.<\/p>\n<div class=\"wp-block-image\">\n<figure class=\"aligncenter\"><img fetchpriority=\"high\" decoding=\"async\" class=\"wp-image-35530 aligncenter\" src=\"https:\/\/parlamentoemdestaque.com.br\/wp-content\/uploads\/2025\/09\/IMG_4844.jpeg\" alt=\"\" width=\"457\" height=\"287\" \/><\/figure>\n<\/div>\n<p>A linha de coletes foi lan\u00e7ada h\u00e1 tr\u00eas meses, depois de pedidos de clientes. Intrigado com a demanda, Sousa fez uma pesquisa de mercado e decidiu produzir o primeiro modelo, oferecido como presente de anivers\u00e1rio a uma crian\u00e7a. \u201cQuando publiquei, a procura foi enorme. Em tr\u00eas meses, j\u00e1 produzi 20\u201d, relata. Segundo ele, o que chama a aten\u00e7\u00e3o \u00e9 o acabamento: \u201cAl\u00e9m de ser uma pe\u00e7a diferente, o pessoal se surpreende com a costura.\u201d<\/p>\n<p>Cerca de 80% das vendas s\u00e3o feitas pelo Instagram e pelo WhatsApp, que se tornaram o principal canal de contato com clientes de todo o Brasil. As feiras tamb\u00e9m desempenham papel importante, tanto para divulgar quanto para gerar novas encomendas. \u201cNos eventos, muitos n\u00e3o compram na hora, mas depois entram em contato\u201d, explica.<\/p>\n<p>Sousa participa de eventos em Cabaceiras, Campina Grande, Jo\u00e3o Pessoa, na Para\u00edba, e em Recife, capital de Pernambuco. O Festival do Bode Rei, em Cabaceiras, segue sendo um ponto de refer\u00eancia, assim como o Sal\u00e3o de Artesanato, que re\u00fane expositores de toda a regi\u00e3o.<\/p>\n<p>O empreendedor diz que vende todos os tipos de produto igualmente. \u201cNunca fa\u00e7o s\u00f3 um modelo. Varia bastante e o estoque acaba por igual. Raramente sobra alguma pe\u00e7a\u201d, diz Sousa, acrescentando que trabalha com couro caprino e bovino. \u201cSe eu tiver s\u00f3 um tipo, acabo deixando de vender. Cada cliente tem sua prefer\u00eancia.\u201d<\/p>\n<p>Localizada na regi\u00e3o do Cariri paraibano, Cabaceiras \u00e9 conhecida como a \u201cRoli\u00fade Nordestina\u201d por ter sido cen\u00e1rio de produ\u00e7\u00f5es audiovisuais como o \u201cO Auto da Compadecida\u201d (2000). O munic\u00edpio integra a regi\u00e3o do Pacto do Novo Cariri, iniciativa voltada ao desenvolvimento econ\u00f4mico e tur\u00edstico da \u00e1rea, que tem impulsionado o artesanato local e fortalecido a imagem da cidade como polo criativo e cultural.<\/p>\n<p>Segundo Sousa, a iniciativa ajudou a dar mais visibilidade ao artesanato local e a atrair turistas. \u201cO programa mostra o que muita gente nem imagina que existe aqui em Cabaceiras. Isso surpreende os visitantes, fortalece o turismo e abre espa\u00e7o para que a gente consiga vender mais e crescer junto com a regi\u00e3o\u201d, afirma.<\/p>\n<p>Ao contr\u00e1rio de muitos amigos que sonhavam em estudar fora e morar em cidades maiores, Sousa nunca teve o objetivo de deixar Cabaceiras. Desde cedo, ele diz que quis permanecer no munic\u00edpio com a sua fam\u00edlia e construir sua vida com a renda do artesanato.<\/p>\n<p>Ele se mostra otimista com o crescimento. \u201cQuero ampliar a produ\u00e7\u00e3o, sem abrir m\u00e3o da caracter\u00edstica artesanal que define o neg\u00f3cio, e consolidar cada vez mais o nome do Atelier Jrs Couros no mercado nacional.\u201d<\/p>\n<p><em>* A jornalista viajou a convite do Seb<\/em>rae-PB<\/p>\n<p><em>Por\u00a0Carina Brito\/Revista pequenas empresas e grandes neg\u00f3cios<\/em><\/p>\n","protected":false},"excerpt":{"rendered":"<p>J\u00fanior Sousa, fundador do Atelier Jrs Couros, deu os primeiros passos com seu\u00a0neg\u00f3cio\u00a0no in\u00edcio dos anos 2000, quando Cabaceiras, na Para\u00edba, come\u00e7ou a se destacar como destino tur\u00edstico com a cria\u00e7\u00e3o do Festival do Bode Rei \u2014 evento que re\u00fane exposi\u00e7\u00f5es, feiras de artesanato, gastronomia e apresenta\u00e7\u00f5es culturais. Ao notar a chegada de visitantes de todo o Brasil, ele enxergou uma oportunidade: transformar retalhos de couro de bode que seriam descartados em chaveiros artesanais. As primeiras pe\u00e7as representavam s\u00edmbolos da cultura nordestina: miniaturas de alpargatas, chap\u00e9us de vaqueiro, o chap\u00e9u de Lampi\u00e3o e pequenas bolsas que remetiam ao canga\u00e7o. \u201dO turista chegava e n\u00e3o sa\u00eda de m\u00e3os vazias\u201d, diz o empreendedor\u00a0de 44 anos. Ele trabalha ao lado da esposa e da filha de 13 anos, que participa quando n\u00e3o est\u00e1 na escola. A produ\u00e7\u00e3o varia entre 30 e 40 pe\u00e7as por m\u00eas, todas feitas manualmente. Atualmente, o portf\u00f3lio inclui bolsas, carteiras, mochilas, n\u00e9cessaires, chap\u00e9us e coletes. Os pre\u00e7os mudam de acordo com o tipo de produto e o trabalho envolvido. Uma carteira custa a partir R$ 45, mas um colete, que leva uma semana para ser produzido, chega a R$ 2,3 mil A voca\u00e7\u00e3o de Sousa n\u00e3o surgiu por acaso. Ele \u00e9 a quinta gera\u00e7\u00e3o de uma fam\u00edlia que atua no mesmo segmento. O pai trabalhava com selaria e roupas, enquanto a m\u00e3e costurava roupas e pe\u00e7as de sela. \u201cMinha m\u00e3e j\u00e1 ajudava a minha av\u00f3, que por sua vez j\u00e1 tinha aprendido com a m\u00e3e dela. Do lado do meu pai era a mesma coisa\u201d, conta. \u201cSempre gostei de observar. Ia a eventos, olhava as pe\u00e7as e voltava para o ateli\u00ea. Pegava papel, desenhava, cortava, fazia testes. Entre erros e acertos, fui me aperfei\u00e7oando\u201d, explica. Hoje, al\u00e9m de artes\u00e3o, ele tamb\u00e9m \u00e9 modelista e desenvolve sozinho os moldes de todas as cria\u00e7\u00f5es. A linha de coletes foi lan\u00e7ada h\u00e1 tr\u00eas meses, depois de pedidos de clientes. Intrigado com a demanda, Sousa fez uma pesquisa de mercado e decidiu produzir o primeiro modelo, oferecido como presente de anivers\u00e1rio a uma crian\u00e7a. \u201cQuando publiquei, a procura foi enorme. Em tr\u00eas meses, j\u00e1 produzi 20\u201d, relata. Segundo ele, o que chama a aten\u00e7\u00e3o \u00e9 o acabamento: \u201cAl\u00e9m de ser uma pe\u00e7a diferente, o pessoal se surpreende com a costura.\u201d Cerca de 80% das vendas s\u00e3o feitas pelo Instagram e pelo WhatsApp, que se tornaram o principal canal de contato com clientes de todo o Brasil. As feiras tamb\u00e9m desempenham papel importante, tanto para divulgar quanto para gerar novas encomendas. \u201cNos eventos, muitos n\u00e3o compram na hora, mas depois entram em contato\u201d, explica. Sousa participa de eventos em Cabaceiras, Campina Grande, Jo\u00e3o Pessoa, na Para\u00edba, e em Recife, capital de Pernambuco. O Festival do Bode Rei, em Cabaceiras, segue sendo um ponto de refer\u00eancia, assim como o Sal\u00e3o de Artesanato, que re\u00fane expositores de toda a regi\u00e3o. O empreendedor diz que vende todos os tipos de produto igualmente. \u201cNunca fa\u00e7o s\u00f3 um modelo. Varia bastante e o estoque acaba por igual. Raramente sobra alguma pe\u00e7a\u201d, diz Sousa, acrescentando que trabalha com couro caprino e bovino. \u201cSe eu tiver s\u00f3 um tipo, acabo deixando de vender. Cada cliente tem sua prefer\u00eancia.\u201d Localizada na regi\u00e3o do Cariri paraibano, Cabaceiras \u00e9 conhecida como a \u201cRoli\u00fade Nordestina\u201d por ter sido cen\u00e1rio de produ\u00e7\u00f5es audiovisuais como o \u201cO Auto da Compadecida\u201d (2000). O munic\u00edpio integra a regi\u00e3o do Pacto do Novo Cariri, iniciativa voltada ao desenvolvimento econ\u00f4mico e tur\u00edstico da \u00e1rea, que tem impulsionado o artesanato local e fortalecido a imagem da cidade como polo criativo e cultural. Segundo Sousa, a iniciativa ajudou a dar mais visibilidade ao artesanato local e a atrair turistas. \u201cO programa mostra o que muita gente nem imagina que existe aqui em Cabaceiras. Isso surpreende os visitantes, fortalece o turismo e abre espa\u00e7o para que a gente consiga vender mais e crescer junto com a regi\u00e3o\u201d, afirma. Ao contr\u00e1rio de muitos amigos que sonhavam em estudar fora e morar em cidades maiores, Sousa nunca teve o objetivo de deixar Cabaceiras. Desde cedo, ele diz que quis permanecer no munic\u00edpio com a sua fam\u00edlia e construir sua vida com a renda do artesanato. Ele se mostra otimista com o crescimento. \u201cQuero ampliar a produ\u00e7\u00e3o, sem abrir m\u00e3o da caracter\u00edstica artesanal que define o neg\u00f3cio, e consolidar cada vez mais o nome do Atelier Jrs Couros no mercado nacional.\u201d * A jornalista viajou a convite do Sebrae-PB Por\u00a0Carina Brito\/Revista pequenas empresas e grandes neg\u00f3cios<\/p>\n","protected":false},"author":6,"featured_media":305003,"comment_status":"closed","ping_status":"closed","sticky":false,"template":"","format":"standard","meta":{"sfsi_plus_gutenberg_text_before_share":"","sfsi_plus_gutenberg_show_text_before_share":"","sfsi_plus_gutenberg_icon_type":"","sfsi_plus_gutenberg_icon_alignemt":"","sfsi_plus_gutenburg_max_per_row":"","footnotes":""},"categories":[70,50,2],"tags":[],"class_list":["post-305002","post","type-post","status-publish","format-standard","has-post-thumbnail","hentry","category-cabaceiras","category-destaque","category-geral"],"_links":{"self":[{"href":"https:\/\/www.caririemacao.com\/1\/wp-json\/wp\/v2\/posts\/305002","targetHints":{"allow":["GET"]}}],"collection":[{"href":"https:\/\/www.caririemacao.com\/1\/wp-json\/wp\/v2\/posts"}],"about":[{"href":"https:\/\/www.caririemacao.com\/1\/wp-json\/wp\/v2\/types\/post"}],"author":[{"embeddable":true,"href":"https:\/\/www.caririemacao.com\/1\/wp-json\/wp\/v2\/users\/6"}],"replies":[{"embeddable":true,"href":"https:\/\/www.caririemacao.com\/1\/wp-json\/wp\/v2\/comments?post=305002"}],"version-history":[{"count":1,"href":"https:\/\/www.caririemacao.com\/1\/wp-json\/wp\/v2\/posts\/305002\/revisions"}],"predecessor-version":[{"id":305004,"href":"https:\/\/www.caririemacao.com\/1\/wp-json\/wp\/v2\/posts\/305002\/revisions\/305004"}],"wp:featuredmedia":[{"embeddable":true,"href":"https:\/\/www.caririemacao.com\/1\/wp-json\/wp\/v2\/media\/305003"}],"wp:attachment":[{"href":"https:\/\/www.caririemacao.com\/1\/wp-json\/wp\/v2\/media?parent=305002"}],"wp:term":[{"taxonomy":"category","embeddable":true,"href":"https:\/\/www.caririemacao.com\/1\/wp-json\/wp\/v2\/categories?post=305002"},{"taxonomy":"post_tag","embeddable":true,"href":"https:\/\/www.caririemacao.com\/1\/wp-json\/wp\/v2\/tags?post=305002"}],"curies":[{"name":"wp","href":"https:\/\/api.w.org\/{rel}","templated":true}]}}