{"id":30511,"date":"2017-10-12T00:52:20","date_gmt":"2017-10-12T03:52:20","guid":{"rendered":"http:\/\/caririemacao.com\/1\/?p=30511"},"modified":"2017-10-12T06:29:02","modified_gmt":"2017-10-12T09:29:02","slug":"camara-de-sao-joao-de-cariri-se-reuniu-na-noite-desta-quarta-feira","status":"publish","type":"post","link":"https:\/\/www.caririemacao.com\/1\/2017\/10\/12\/camara-de-sao-joao-de-cariri-se-reuniu-na-noite-desta-quarta-feira\/","title":{"rendered":"C\u00e2mara de S\u00e3o Jo\u00e3o de Cariri se reuniu na noite desta quarta-feira"},"content":{"rendered":"<p>Oito dos nove vereadores de Vereadores de S\u00e3o Jo\u00e3o do Cariri estiveram reunidos na noite desta quarta-feira, dia 11, para discutir diversos assuntos em defesa da popula\u00e7\u00e3o s\u00e3o-joanense. Inicialmente, o presidente da C\u00e2mara, H\u00e9lio Morais disse que antecipou o dia da reuni\u00e3o em virtude do feriado de Nossa Senhora Aparecida.<\/p>\n<p><a href=\"http:\/\/caririemacao.com\/1\/wp-content\/uploads\/2017\/10\/DSC_0001-2.jpg\"><img fetchpriority=\"high\" decoding=\"async\" class=\"alignnone wp-image-30531 size-full\" src=\"http:\/\/caririemacao.com\/1\/wp-content\/uploads\/2017\/10\/DSC_0001-2.jpg\" alt=\"\" width=\"800\" height=\"533\" srcset=\"https:\/\/www.caririemacao.com\/1\/wp-content\/uploads\/2017\/10\/DSC_0001-2.jpg 800w, https:\/\/www.caririemacao.com\/1\/wp-content\/uploads\/2017\/10\/DSC_0001-2-300x200.jpg 300w, https:\/\/www.caririemacao.com\/1\/wp-content\/uploads\/2017\/10\/DSC_0001-2-768x512.jpg 768w\" sizes=\"(max-width: 800px) 100vw, 800px\" \/><\/a><\/p>\n<p>Durante a reuni\u00e3o, foram aprovados alguns requerimentos, iniciando pelo requerimento do vereador Marcos Wender que concede voto de aplauso aos agentes comunit\u00e1rios de sa\u00fade, que comemoraram seu dia no \u00faltimo dia 4 deste m\u00eas.<\/p>\n<p><a href=\"http:\/\/caririemacao.com\/1\/wp-content\/uploads\/2017\/10\/DSC_0043.jpg\"><img decoding=\"async\" class=\"alignnone wp-image-30532 size-full lazyload\" data-src=\"http:\/\/caririemacao.com\/1\/wp-content\/uploads\/2017\/10\/DSC_0043.jpg\" alt=\"\" width=\"800\" height=\"533\" data-srcset=\"https:\/\/www.caririemacao.com\/1\/wp-content\/uploads\/2017\/10\/DSC_0043.jpg 800w, https:\/\/www.caririemacao.com\/1\/wp-content\/uploads\/2017\/10\/DSC_0043-300x200.jpg 300w, https:\/\/www.caririemacao.com\/1\/wp-content\/uploads\/2017\/10\/DSC_0043-768x512.jpg 768w\" data-sizes=\"(max-width: 800px) 100vw, 800px\" src=\"data:image\/svg+xml;base64,PHN2ZyB3aWR0aD0iMSIgaGVpZ2h0PSIxIiB4bWxucz0iaHR0cDovL3d3dy53My5vcmcvMjAwMC9zdmciPjwvc3ZnPg==\" style=\"--smush-placeholder-width: 800px; --smush-placeholder-aspect-ratio: 800\/533;\" \/><\/a><\/p>\n<p>O vereador Romero Ramos Cavalcanti solicitou que seja encaminhado \u00e0 dire\u00e7\u00e3o Regional da Cagepa um of\u00edcio solicitando a perfura\u00e7\u00e3o de um po\u00e7o no distrito de Malhada de Ro\u00e7a, no munic\u00edpio de S\u00e3o Jo\u00e3o do Cariri.<\/p>\n<p><img decoding=\"async\" class=\"aligncenter wp-image-30533 size-full lazyload\" data-src=\"http:\/\/caririemacao.com\/1\/wp-content\/uploads\/2017\/10\/DSC_0005.jpg\" alt=\"\" width=\"800\" height=\"533\" data-srcset=\"https:\/\/www.caririemacao.com\/1\/wp-content\/uploads\/2017\/10\/DSC_0005.jpg 800w, https:\/\/www.caririemacao.com\/1\/wp-content\/uploads\/2017\/10\/DSC_0005-300x200.jpg 300w, https:\/\/www.caririemacao.com\/1\/wp-content\/uploads\/2017\/10\/DSC_0005-768x512.jpg 768w\" data-sizes=\"(max-width: 800px) 100vw, 800px\" src=\"data:image\/svg+xml;base64,PHN2ZyB3aWR0aD0iMSIgaGVpZ2h0PSIxIiB4bWxucz0iaHR0cDovL3d3dy53My5vcmcvMjAwMC9zdmciPjwvc3ZnPg==\" style=\"--smush-placeholder-width: 800px; --smush-placeholder-aspect-ratio: 800\/533;\" \/><\/p>\n<p>O vereador Jos\u00e9 Moraes Martins Garcia J\u00fanior, mais conhecido como Chic\u00e3o, pediu que seja encaminhado ao seu prefeito Cosme Gon\u00e7alves e tamb\u00e9m a Secretaria de Sa\u00fade um pedido de informa\u00e7\u00e3o sobre a distribui\u00e7\u00e3o dos medicamentos de uso cont\u00ednuo fornecidos pelo munic\u00edpio. Ele tamb\u00e9m aproveitou para solicitar que fosse encaminhado \u00e0 C\u00e2mara Municipal a rela\u00e7\u00e3o com os nomes dos medicamentos de distribui\u00e7\u00e3o obrigat\u00f3ria feita pela Secretaria de Sa\u00fade.<\/p>\n<p>Ainda na reuni\u00e3o foi aprovado o pedido de licen\u00e7a m\u00e9dica ao vereador George Hilton Barros de Aquino pelo prazo de 45 dias.<\/p>\n<p>Tamb\u00e9m na sess\u00e3o, foi lido um relat\u00f3rio preliminar produzido pela Comiss\u00e3o Processante que tramita na Casa Joaquim Tavares de Lucena que investiga poss\u00edveis irregularidades envolvendo o vereador George Aquino. No relat\u00f3rio, consta que por v\u00e1rias vezes, a comiss\u00e3o tentou notificar o parlamentar para que o mesmo apresentasse defesa, mas sem sucesso nas tentativas.<\/p>\n<p><img decoding=\"async\" class=\"aligncenter wp-image-30534 size-full lazyload\" data-src=\"http:\/\/caririemacao.com\/1\/wp-content\/uploads\/2017\/10\/DSC_0017.jpg\" alt=\"\" width=\"800\" height=\"533\" data-srcset=\"https:\/\/www.caririemacao.com\/1\/wp-content\/uploads\/2017\/10\/DSC_0017.jpg 800w, https:\/\/www.caririemacao.com\/1\/wp-content\/uploads\/2017\/10\/DSC_0017-300x200.jpg 300w, https:\/\/www.caririemacao.com\/1\/wp-content\/uploads\/2017\/10\/DSC_0017-768x512.jpg 768w\" data-sizes=\"(max-width: 800px) 100vw, 800px\" src=\"data:image\/svg+xml;base64,PHN2ZyB3aWR0aD0iMSIgaGVpZ2h0PSIxIiB4bWxucz0iaHR0cDovL3d3dy53My5vcmcvMjAwMC9zdmciPjwvc3ZnPg==\" style=\"--smush-placeholder-width: 800px; --smush-placeholder-aspect-ratio: 800\/533;\" \/><\/p>\n<p>No final da sess\u00e3o, o vereador presidente da C\u00e2mara Municipal, H\u00e9lio Morais, comunicou que atrav\u00e9s da decis\u00e3o de todos os vereadores ficou decidido que a pr\u00f3xima reuni\u00e3o ser\u00e1 realizada na comunidade de Po\u00e7o da Pedra.<\/p>\n<p><div class=\"ose- ose-uid-2de15dcfa30c97badd1c41f019c69ace ose-embedpress-responsive\" style=\"width:600px; height:550px; max-height:550px; max-width:100%; display:inline-block;\" data-embed-type=\"Facebook\"><iframe allowFullScreen=\"true\" class=\"embera-facebook-iframe-6c98c lazyload\" data-src=\"https:\/\/www.facebook.com\/plugins\/post.php?href=https%3A%2F%2Fwww.facebook.com%2Fmedia%2Fset%2F%3Fset%3Da.1110683639067658.1073742585.302749469861083%26%23038%3Btype%3D1%26%23038%3Bl%3D0f4301468a&width=600&height=550&show_text=true\" width=\"600\" height=\"550\" style=\"border:none;overflow:hidden\" scrolling=\"no\" frameborder=\"0\" allowTransparency=\"true\" src=\"data:image\/svg+xml;base64,PHN2ZyB3aWR0aD0iMSIgaGVpZ2h0PSIxIiB4bWxucz0iaHR0cDovL3d3dy53My5vcmcvMjAwMC9zdmciPjwvc3ZnPg==\" data-load-mode=\"1\"><\/iframe><\/div><\/p>\n<p><strong>CARIRI EM A\u00c7\u00c3O\u00a0<\/strong><\/p>\n<p>Leia mais not\u00edcias em\u00a0<a href=\"http:\/\/www.caririemacao.com\/\">caririemacao.com<\/a>, siga nossa p\u00e1gina no\u00a0<a href=\"https:\/\/www.facebook.com\/CaririEmAcao\/?ref=aymt_homepage_panel\">Facebook<\/a>,\u00a0<a href=\"https:\/\/www.instagram.com\/cariri_em_acao\/?hl=pt-br\">Instagram<\/a>\u00a0e\u00a0<a href=\"https:\/\/www.youtube.com\/channel\/UCAptA0jQuYQy8vMhLt2m4qg\">Youtube<\/a>\u00a0e veja nossas mat\u00e9rias, v\u00eddeos e fotos. Voc\u00ea tamb\u00e9m pode enviar informa\u00e7\u00f5es \u00e0 Reda\u00e7\u00e3o do Portal Cariri em A\u00e7\u00e3o pelo WhatsApp (83) 9 9634.5791, (83) 9 9601-1162.<\/p>\n","protected":false},"excerpt":{"rendered":"<p>Oito dos nove vereadores de Vereadores de S\u00e3o Jo\u00e3o do Cariri estiveram reunidos na noite desta quarta-feira, dia 11, para discutir diversos assuntos em defesa&hellip; <\/p>\n","protected":false},"author":2,"featured_media":30530,"comment_status":"closed","ping_status":"closed","sticky":false,"template":"","format":"standard","meta":{"sfsi_plus_gutenberg_text_before_share":"","sfsi_plus_gutenberg_show_text_before_share":"","sfsi_plus_gutenberg_icon_type":"","sfsi_plus_gutenberg_icon_alignemt":"","sfsi_plus_gutenburg_max_per_row":"","footnotes":""},"categories":[11],"tags":[],"class_list":["post-30511","post","type-post","status-publish","format-standard","has-post-thumbnail","hentry","category-politica"],"_links":{"self":[{"href":"https:\/\/www.caririemacao.com\/1\/wp-json\/wp\/v2\/posts\/30511","targetHints":{"allow":["GET"]}}],"collection":[{"href":"https:\/\/www.caririemacao.com\/1\/wp-json\/wp\/v2\/posts"}],"about":[{"href":"https:\/\/www.caririemacao.com\/1\/wp-json\/wp\/v2\/types\/post"}],"author":[{"embeddable":true,"href":"https:\/\/www.caririemacao.com\/1\/wp-json\/wp\/v2\/users\/2"}],"replies":[{"embeddable":true,"href":"https:\/\/www.caririemacao.com\/1\/wp-json\/wp\/v2\/comments?post=30511"}],"version-history":[{"count":0,"href":"https:\/\/www.caririemacao.com\/1\/wp-json\/wp\/v2\/posts\/30511\/revisions"}],"wp:featuredmedia":[{"embeddable":true,"href":"https:\/\/www.caririemacao.com\/1\/wp-json\/wp\/v2\/media\/30530"}],"wp:attachment":[{"href":"https:\/\/www.caririemacao.com\/1\/wp-json\/wp\/v2\/media?parent=30511"}],"wp:term":[{"taxonomy":"category","embeddable":true,"href":"https:\/\/www.caririemacao.com\/1\/wp-json\/wp\/v2\/categories?post=30511"},{"taxonomy":"post_tag","embeddable":true,"href":"https:\/\/www.caririemacao.com\/1\/wp-json\/wp\/v2\/tags?post=30511"}],"curies":[{"name":"wp","href":"https:\/\/api.w.org\/{rel}","templated":true}]}}