{"id":30513,"date":"2017-10-12T00:43:03","date_gmt":"2017-10-12T03:43:03","guid":{"rendered":"http:\/\/caririemacao.com\/1\/?p=30513"},"modified":"2017-10-12T00:44:02","modified_gmt":"2017-10-12T03:44:02","slug":"prefeitura-de-camalau-promove-uma-grande-festa-para-as-criancas","status":"publish","type":"post","link":"https:\/\/www.caririemacao.com\/1\/2017\/10\/12\/prefeitura-de-camalau-promove-uma-grande-festa-para-as-criancas\/","title":{"rendered":"Prefeitura de Camala\u00fa promove uma grande festa para as crian\u00e7as"},"content":{"rendered":"<p>A Prefeitura de Camala\u00fa promoveu na manh\u00e3 desta quarta-feira, dia 11, uma grande festa comemorativa ao Dia das Crian\u00e7as.<\/p>\n<p><img fetchpriority=\"high\" decoding=\"async\" class=\"aligncenter wp-image-30527 size-full\" src=\"http:\/\/caririemacao.com\/1\/wp-content\/uploads\/2017\/10\/DSC_0122.jpg\" alt=\"\" width=\"800\" height=\"532\" srcset=\"https:\/\/www.caririemacao.com\/1\/wp-content\/uploads\/2017\/10\/DSC_0122.jpg 800w, https:\/\/www.caririemacao.com\/1\/wp-content\/uploads\/2017\/10\/DSC_0122-300x200.jpg 300w, https:\/\/www.caririemacao.com\/1\/wp-content\/uploads\/2017\/10\/DSC_0122-768x511.jpg 768w\" sizes=\"(max-width: 800px) 100vw, 800px\" \/><\/p>\n<p>O evento contou com a presen\u00e7a de centenas de crian\u00e7as onde puderam se divertir no Balne\u00e1rio P\u00fablico e na Creche Municipal. Durante as festividades, as crian\u00e7as receberam pipocas, bolo, balas e brincaram bastante.<\/p>\n<p><img decoding=\"async\" class=\"aligncenter wp-image-30524 size-full lazyload\" data-src=\"http:\/\/caririemacao.com\/1\/wp-content\/uploads\/2017\/10\/DSC_0054.jpg\" alt=\"\" width=\"800\" height=\"532\" data-srcset=\"https:\/\/www.caririemacao.com\/1\/wp-content\/uploads\/2017\/10\/DSC_0054.jpg 800w, https:\/\/www.caririemacao.com\/1\/wp-content\/uploads\/2017\/10\/DSC_0054-300x200.jpg 300w, https:\/\/www.caririemacao.com\/1\/wp-content\/uploads\/2017\/10\/DSC_0054-768x511.jpg 768w\" data-sizes=\"(max-width: 800px) 100vw, 800px\" src=\"data:image\/svg+xml;base64,PHN2ZyB3aWR0aD0iMSIgaGVpZ2h0PSIxIiB4bWxucz0iaHR0cDovL3d3dy53My5vcmcvMjAwMC9zdmciPjwvc3ZnPg==\" style=\"--smush-placeholder-width: 800px; --smush-placeholder-aspect-ratio: 800\/532;\" \/><\/p>\n<p>Al\u00e9m das crian\u00e7as e seus pais que estiveram presentes, o prefeito Sandro M\u00f4co, o vice-prefeito Kiel, vereadores e a equipe de governo tamb\u00e9m participaram e se divertiram com a crian\u00e7ada.<\/p>\n<p><img decoding=\"async\" class=\"aligncenter wp-image-30525 size-full lazyload\" data-src=\"http:\/\/caririemacao.com\/1\/wp-content\/uploads\/2017\/10\/DSC_0144.jpg\" alt=\"\" width=\"800\" height=\"532\" data-srcset=\"https:\/\/www.caririemacao.com\/1\/wp-content\/uploads\/2017\/10\/DSC_0144.jpg 800w, https:\/\/www.caririemacao.com\/1\/wp-content\/uploads\/2017\/10\/DSC_0144-300x200.jpg 300w, https:\/\/www.caririemacao.com\/1\/wp-content\/uploads\/2017\/10\/DSC_0144-768x511.jpg 768w\" data-sizes=\"(max-width: 800px) 100vw, 800px\" src=\"data:image\/svg+xml;base64,PHN2ZyB3aWR0aD0iMSIgaGVpZ2h0PSIxIiB4bWxucz0iaHR0cDovL3d3dy53My5vcmcvMjAwMC9zdmciPjwvc3ZnPg==\" style=\"--smush-placeholder-width: 800px; --smush-placeholder-aspect-ratio: 800\/532;\" \/><\/p>\n<p>Para o prefeito Sandro, proporcionar este momento de divers\u00e3o \u00e9 poder fazer um pouco para aqueles que s\u00e3o o futuro de Camala\u00fa.<\/p>\n<p><div class=\"ose- ose-uid-3fea674a472ac4f293294c05ca378d04 ose-embedpress-responsive\" style=\"width:600px; height:550px; max-height:550px; max-width:100%; display:inline-block;\" data-embed-type=\"Facebook\"><iframe allowFullScreen=\"true\" class=\"embera-facebook-iframe-3f07b lazyload\" data-src=\"https:\/\/www.facebook.com\/plugins\/post.php?href=https%3A%2F%2Fwww.facebook.com%2Fmedia%2Fset%2F%3Fset%3Da.1110682342401121.1073742584.302749469861083%26%23038%3Btype%3D1%26%23038%3Bl%3D4577638595&width=600&height=550&show_text=true\" width=\"600\" height=\"550\" style=\"border:none;overflow:hidden\" scrolling=\"no\" frameborder=\"0\" allowTransparency=\"true\" src=\"data:image\/svg+xml;base64,PHN2ZyB3aWR0aD0iMSIgaGVpZ2h0PSIxIiB4bWxucz0iaHR0cDovL3d3dy53My5vcmcvMjAwMC9zdmciPjwvc3ZnPg==\" data-load-mode=\"1\"><\/iframe><\/div><\/p>\n<p><strong>CARIRI EM A\u00c7\u00c3O\u00a0<\/strong><\/p>\n<p><strong>Leia mais not\u00edcias em\u00a0<a href=\"http:\/\/www.caririemacao.com\/\">caririemacao.com<\/a>, siga nossa p\u00e1gina no\u00a0<a href=\"https:\/\/www.facebook.com\/CaririEmAcao\/?ref=aymt_homepage_panel\">Facebook<\/a>,\u00a0<a href=\"https:\/\/www.instagram.com\/cariri_em_acao\/?hl=pt-br\">Instagram<\/a>\u00a0e\u00a0<a href=\"https:\/\/www.youtube.com\/channel\/UCAptA0jQuYQy8vMhLt2m4qg\">Youtube<\/a>\u00a0e veja nossas mat\u00e9rias, v\u00eddeos e fotos. Voc\u00ea tamb\u00e9m pode enviar informa\u00e7\u00f5es \u00e0 Reda\u00e7\u00e3o do Portal Cariri em A\u00e7\u00e3o pelo WhatsApp (83) 9 9634.5791, (83) 9 9601-1162.<\/strong><\/p>\n","protected":false},"excerpt":{"rendered":"<p>A Prefeitura de Camala\u00fa promoveu na manh\u00e3 desta quarta-feira, dia 11, uma grande festa comemorativa ao Dia das Crian\u00e7as. O evento contou com a presen\u00e7a&hellip; <\/p>\n","protected":false},"author":2,"featured_media":30523,"comment_status":"closed","ping_status":"closed","sticky":false,"template":"","format":"standard","meta":{"sfsi_plus_gutenberg_text_before_share":"","sfsi_plus_gutenberg_show_text_before_share":"","sfsi_plus_gutenberg_icon_type":"","sfsi_plus_gutenberg_icon_alignemt":"","sfsi_plus_gutenburg_max_per_row":"","footnotes":""},"categories":[2],"tags":[],"class_list":["post-30513","post","type-post","status-publish","format-standard","has-post-thumbnail","hentry","category-geral"],"_links":{"self":[{"href":"https:\/\/www.caririemacao.com\/1\/wp-json\/wp\/v2\/posts\/30513","targetHints":{"allow":["GET"]}}],"collection":[{"href":"https:\/\/www.caririemacao.com\/1\/wp-json\/wp\/v2\/posts"}],"about":[{"href":"https:\/\/www.caririemacao.com\/1\/wp-json\/wp\/v2\/types\/post"}],"author":[{"embeddable":true,"href":"https:\/\/www.caririemacao.com\/1\/wp-json\/wp\/v2\/users\/2"}],"replies":[{"embeddable":true,"href":"https:\/\/www.caririemacao.com\/1\/wp-json\/wp\/v2\/comments?post=30513"}],"version-history":[{"count":0,"href":"https:\/\/www.caririemacao.com\/1\/wp-json\/wp\/v2\/posts\/30513\/revisions"}],"wp:featuredmedia":[{"embeddable":true,"href":"https:\/\/www.caririemacao.com\/1\/wp-json\/wp\/v2\/media\/30523"}],"wp:attachment":[{"href":"https:\/\/www.caririemacao.com\/1\/wp-json\/wp\/v2\/media?parent=30513"}],"wp:term":[{"taxonomy":"category","embeddable":true,"href":"https:\/\/www.caririemacao.com\/1\/wp-json\/wp\/v2\/categories?post=30513"},{"taxonomy":"post_tag","embeddable":true,"href":"https:\/\/www.caririemacao.com\/1\/wp-json\/wp\/v2\/tags?post=30513"}],"curies":[{"name":"wp","href":"https:\/\/api.w.org\/{rel}","templated":true}]}}