{"id":30515,"date":"2017-10-12T00:20:21","date_gmt":"2017-10-12T03:20:21","guid":{"rendered":"http:\/\/caririemacao.com\/1\/?p=30515"},"modified":"2017-10-12T00:20:21","modified_gmt":"2017-10-12T03:20:21","slug":"moveletro-realiza-festa-para-as-criancas-sumeenses","status":"publish","type":"post","link":"https:\/\/www.caririemacao.com\/1\/2017\/10\/12\/moveletro-realiza-festa-para-as-criancas-sumeenses\/","title":{"rendered":"Moveletro realiza festa para as crian\u00e7as sumeenses"},"content":{"rendered":"<p>A loja Moveletro promoveu durante o dia desta quarta-feira, dia 11, uma animada festa para as crian\u00e7as sumeenses.<\/p>\n<p><a href=\"http:\/\/caririemacao.com\/1\/wp-content\/uploads\/2017\/10\/22446843_1341715599285202_387244941_n.jpg\"><img fetchpriority=\"high\" decoding=\"async\" class=\"aligncenter wp-image-30517 size-full\" src=\"http:\/\/caririemacao.com\/1\/wp-content\/uploads\/2017\/10\/22446843_1341715599285202_387244941_n.jpg\" alt=\"\" width=\"960\" height=\"720\" srcset=\"https:\/\/www.caririemacao.com\/1\/wp-content\/uploads\/2017\/10\/22446843_1341715599285202_387244941_n.jpg 960w, https:\/\/www.caririemacao.com\/1\/wp-content\/uploads\/2017\/10\/22446843_1341715599285202_387244941_n-300x225.jpg 300w, https:\/\/www.caririemacao.com\/1\/wp-content\/uploads\/2017\/10\/22446843_1341715599285202_387244941_n-768x576.jpg 768w\" sizes=\"(max-width: 960px) 100vw, 960px\" \/><\/a><\/p>\n<p>As crian\u00e7as puderam brincar, pular nos brinquedos, comer algod\u00e3o doce, pipocas e balas, al\u00e9m de receber o carinho das lojas parceiras da festa (Moveletro, Maria Bonita, Bella Nita e L&amp;K Modas).<\/p>\n<p><a href=\"http:\/\/caririemacao.com\/1\/wp-content\/uploads\/2017\/10\/22446852_1341715975951831_646225612_n.jpg\"><img decoding=\"async\" class=\"aligncenter wp-image-30520 size-full lazyload\" data-src=\"http:\/\/caririemacao.com\/1\/wp-content\/uploads\/2017\/10\/22446852_1341715975951831_646225612_n.jpg\" alt=\"\" width=\"960\" height=\"541\" data-srcset=\"https:\/\/www.caririemacao.com\/1\/wp-content\/uploads\/2017\/10\/22446852_1341715975951831_646225612_n.jpg 960w, https:\/\/www.caririemacao.com\/1\/wp-content\/uploads\/2017\/10\/22446852_1341715975951831_646225612_n-300x169.jpg 300w, https:\/\/www.caririemacao.com\/1\/wp-content\/uploads\/2017\/10\/22446852_1341715975951831_646225612_n-768x433.jpg 768w\" data-sizes=\"(max-width: 960px) 100vw, 960px\" src=\"data:image\/svg+xml;base64,PHN2ZyB3aWR0aD0iMSIgaGVpZ2h0PSIxIiB4bWxucz0iaHR0cDovL3d3dy53My5vcmcvMjAwMC9zdmciPjwvc3ZnPg==\" style=\"--smush-placeholder-width: 960px; --smush-placeholder-aspect-ratio: 960\/541;\" \/><\/a><\/p>\n<p>A equipe da Moveletro esteve em todo momento dando total assist\u00eancia as crian\u00e7as e aos seus pais que foram se divertir e aproveitar das diversas ofertas oportunizadas pela loja. Na ocasi\u00e3o, o empres\u00e1rio Ronaldo Chaves esteve prestigiando o evento e disse que se sente muito feliz em oferecer este momento para a crian\u00e7ada sumeense.<\/p>\n<p><a href=\"http:\/\/caririemacao.com\/1\/wp-content\/uploads\/2017\/10\/22472461_1341715789285183_1620199977_n.jpg\"><img decoding=\"async\" class=\"alignnone size-medium wp-image-30519 aligncenter lazyload\" data-src=\"http:\/\/caririemacao.com\/1\/wp-content\/uploads\/2017\/10\/22472461_1341715789285183_1620199977_n-168x300.jpg\" alt=\"\" width=\"168\" height=\"300\" data-srcset=\"https:\/\/www.caririemacao.com\/1\/wp-content\/uploads\/2017\/10\/22472461_1341715789285183_1620199977_n-168x300.jpg 168w, https:\/\/www.caririemacao.com\/1\/wp-content\/uploads\/2017\/10\/22472461_1341715789285183_1620199977_n.jpg 539w\" data-sizes=\"(max-width: 168px) 100vw, 168px\" src=\"data:image\/svg+xml;base64,PHN2ZyB3aWR0aD0iMSIgaGVpZ2h0PSIxIiB4bWxucz0iaHR0cDovL3d3dy53My5vcmcvMjAwMC9zdmciPjwvc3ZnPg==\" style=\"--smush-placeholder-width: 168px; --smush-placeholder-aspect-ratio: 168\/300;\" \/><\/a><a href=\"http:\/\/caririemacao.com\/1\/wp-content\/uploads\/2017\/10\/22414704_1341715742618521_930023707_n.jpg\"><img decoding=\"async\" class=\"size-medium wp-image-30518 aligncenter lazyload\" data-src=\"http:\/\/caririemacao.com\/1\/wp-content\/uploads\/2017\/10\/22414704_1341715742618521_930023707_n-225x300.jpg\" alt=\"\" width=\"225\" height=\"300\" data-srcset=\"https:\/\/www.caririemacao.com\/1\/wp-content\/uploads\/2017\/10\/22414704_1341715742618521_930023707_n-225x300.jpg 225w, https:\/\/www.caririemacao.com\/1\/wp-content\/uploads\/2017\/10\/22414704_1341715742618521_930023707_n.jpg 720w\" data-sizes=\"(max-width: 225px) 100vw, 225px\" src=\"data:image\/svg+xml;base64,PHN2ZyB3aWR0aD0iMSIgaGVpZ2h0PSIxIiB4bWxucz0iaHR0cDovL3d3dy53My5vcmcvMjAwMC9zdmciPjwvc3ZnPg==\" style=\"--smush-placeholder-width: 225px; --smush-placeholder-aspect-ratio: 225\/300;\" \/><\/a><\/p>\n<p><strong>CARIRI EM A\u00c7\u00c3O\u00a0<\/strong><\/p>\n<p>Leia mais not\u00edcias em\u00a0<a href=\"http:\/\/www.caririemacao.com\/\">caririemacao.com<\/a>, siga nossa p\u00e1gina no\u00a0<a href=\"https:\/\/www.facebook.com\/CaririEmAcao\/?ref=aymt_homepage_panel\">Facebook<\/a>,\u00a0<a href=\"https:\/\/www.instagram.com\/cariri_em_acao\/?hl=pt-br\">Instagram<\/a>\u00a0e\u00a0<a href=\"https:\/\/www.youtube.com\/channel\/UCAptA0jQuYQy8vMhLt2m4qg\">Youtube<\/a>\u00a0e veja nossas mat\u00e9rias, v\u00eddeos e fotos. Voc\u00ea tamb\u00e9m pode enviar informa\u00e7\u00f5es \u00e0 Reda\u00e7\u00e3o do Portal Cariri em A\u00e7\u00e3o pelo WhatsApp (83) 9 9634.5791, (83) 9 9601-1162.<\/p>\n","protected":false},"excerpt":{"rendered":"<p>A loja Moveletro promoveu durante o dia desta quarta-feira, dia 11, uma animada festa para as crian\u00e7as sumeenses. As crian\u00e7as puderam brincar, pular nos brinquedos,&hellip; <\/p>\n","protected":false},"author":2,"featured_media":30516,"comment_status":"closed","ping_status":"closed","sticky":false,"template":"","format":"standard","meta":{"sfsi_plus_gutenberg_text_before_share":"","sfsi_plus_gutenberg_show_text_before_share":"","sfsi_plus_gutenberg_icon_type":"","sfsi_plus_gutenberg_icon_alignemt":"","sfsi_plus_gutenburg_max_per_row":"","footnotes":""},"categories":[2],"tags":[],"class_list":["post-30515","post","type-post","status-publish","format-standard","has-post-thumbnail","hentry","category-geral"],"_links":{"self":[{"href":"https:\/\/www.caririemacao.com\/1\/wp-json\/wp\/v2\/posts\/30515","targetHints":{"allow":["GET"]}}],"collection":[{"href":"https:\/\/www.caririemacao.com\/1\/wp-json\/wp\/v2\/posts"}],"about":[{"href":"https:\/\/www.caririemacao.com\/1\/wp-json\/wp\/v2\/types\/post"}],"author":[{"embeddable":true,"href":"https:\/\/www.caririemacao.com\/1\/wp-json\/wp\/v2\/users\/2"}],"replies":[{"embeddable":true,"href":"https:\/\/www.caririemacao.com\/1\/wp-json\/wp\/v2\/comments?post=30515"}],"version-history":[{"count":0,"href":"https:\/\/www.caririemacao.com\/1\/wp-json\/wp\/v2\/posts\/30515\/revisions"}],"wp:featuredmedia":[{"embeddable":true,"href":"https:\/\/www.caririemacao.com\/1\/wp-json\/wp\/v2\/media\/30516"}],"wp:attachment":[{"href":"https:\/\/www.caririemacao.com\/1\/wp-json\/wp\/v2\/media?parent=30515"}],"wp:term":[{"taxonomy":"category","embeddable":true,"href":"https:\/\/www.caririemacao.com\/1\/wp-json\/wp\/v2\/categories?post=30515"},{"taxonomy":"post_tag","embeddable":true,"href":"https:\/\/www.caririemacao.com\/1\/wp-json\/wp\/v2\/tags?post=30515"}],"curies":[{"name":"wp","href":"https:\/\/api.w.org\/{rel}","templated":true}]}}