{"id":305167,"date":"2025-09-24T21:22:23","date_gmt":"2025-09-25T00:22:23","guid":{"rendered":"https:\/\/www.caririemacao.com\/1\/?p=305167"},"modified":"2025-09-24T21:22:23","modified_gmt":"2025-09-25T00:22:23","slug":"obras-da-pb-176-avancam-e-ja-chegam-a-zona-urbana-de-gurjao","status":"publish","type":"post","link":"https:\/\/www.caririemacao.com\/1\/2025\/09\/24\/obras-da-pb-176-avancam-e-ja-chegam-a-zona-urbana-de-gurjao\/","title":{"rendered":"Obras da PB-176 avan\u00e7am e j\u00e1 chegam \u00e0 zona urbana de Gurj\u00e3o"},"content":{"rendered":"<p>A t\u00e3o sonhada liga\u00e7\u00e3o asf\u00e1ltica entre Gurj\u00e3o e Soledade segue em ritmo acelerado e j\u00e1 come\u00e7a a transformar a realidade da regi\u00e3o. As obras da rodovia PB-176 alcan\u00e7aram a zona urbana de Gurj\u00e3o e o asfalto j\u00e1 chegou \u00e0s proximidades da comunidade Pend\u00eancia, trazendo expectativa e entusiasmo para moradores e produtores locais.<\/p>\n<p>Segundo o gestor respons\u00e1vel pelo trecho, Gustavo Lins Fialho, mesmo com o per\u00edodo chuvoso, os trabalhos continuaram dentro do planejamento. \u201cAs obras est\u00e3o em um bom ritmo de execu\u00e7\u00e3o, seguem dentro do cronograma previsto\u201d, destacou.<\/p>\n<figure class=\"wp-block-image aligncenter size-large is-resized\"><img fetchpriority=\"high\" decoding=\"async\" class=\"wp-image-113086 aligncenter\" src=\"https:\/\/www.paraibamix.com.br\/wp-content\/uploads\/2025\/09\/WhatsApp-Image-2025-09-24-at-19.34.23-1-1024x576.jpeg\" sizes=\"(max-width: 1024px) 100vw, 1024px\" srcset=\"https:\/\/www.paraibamix.com.br\/wp-content\/uploads\/2025\/09\/WhatsApp-Image-2025-09-24-at-19.34.23-1-1024x576.jpeg 1024w, https:\/\/www.paraibamix.com.br\/wp-content\/uploads\/2025\/09\/WhatsApp-Image-2025-09-24-at-19.34.23-1-300x169.jpeg 300w, https:\/\/www.paraibamix.com.br\/wp-content\/uploads\/2025\/09\/WhatsApp-Image-2025-09-24-at-19.34.23-1-150x84.jpeg 150w, https:\/\/www.paraibamix.com.br\/wp-content\/uploads\/2025\/09\/WhatsApp-Image-2025-09-24-at-19.34.23-1-768x432.jpeg 768w, https:\/\/www.paraibamix.com.br\/wp-content\/uploads\/2025\/09\/WhatsApp-Image-2025-09-24-at-19.34.23-1-1536x864.jpeg 1536w, https:\/\/www.paraibamix.com.br\/wp-content\/uploads\/2025\/09\/WhatsApp-Image-2025-09-24-at-19.34.23-1.jpeg 1600w\" alt=\"\" width=\"505\" height=\"284\" \/><\/figure>\n<p>De acordo com o Departamento de Estradas de Rodagem (DER), a rodovia tem previs\u00e3o de conclus\u00e3o e entrega em agosto de 2026, mas a percep\u00e7\u00e3o da popula\u00e7\u00e3o \u00e9 que a obra seja entregue bem antes disso. At\u00e9 l\u00e1, os servi\u00e7os de terraplanagem, subleito, sub-base, base e imprima\u00e7\u00e3o j\u00e1 realizados dar\u00e3o lugar \u00e0 pavimenta\u00e7\u00e3o definitiva, que come\u00e7a a se consolidar em v\u00e1rios pontos.<\/p>\n<p>O investimento de mais de R$ 35 milh\u00f5es vai interligar as BR-230 e BR-412, al\u00e9m de fortalecer conex\u00f5es vi\u00e1rias entre os estados da Para\u00edba, Pernambuco e Rio Grande do Norte. A expectativa \u00e9 de melhorias significativas para o escoamento da produ\u00e7\u00e3o, o transporte de mercadorias e o atendimento em sa\u00fade, garantindo mais mobilidade e qualidade de vida para a popula\u00e7\u00e3o.<\/p>\n<figure class=\"wp-block-image aligncenter size-large is-resized\"><img decoding=\"async\" class=\"wp-image-113087 aligncenter lazyload\" data-src=\"https:\/\/www.paraibamix.com.br\/wp-content\/uploads\/2025\/09\/WhatsApp-Image-2025-09-24-at-19.34.23-1024x576.jpeg\" data-sizes=\"(max-width: 1024px) 100vw, 1024px\" data-srcset=\"https:\/\/www.paraibamix.com.br\/wp-content\/uploads\/2025\/09\/WhatsApp-Image-2025-09-24-at-19.34.23-1024x576.jpeg 1024w, https:\/\/www.paraibamix.com.br\/wp-content\/uploads\/2025\/09\/WhatsApp-Image-2025-09-24-at-19.34.23-300x169.jpeg 300w, https:\/\/www.paraibamix.com.br\/wp-content\/uploads\/2025\/09\/WhatsApp-Image-2025-09-24-at-19.34.23-150x84.jpeg 150w, https:\/\/www.paraibamix.com.br\/wp-content\/uploads\/2025\/09\/WhatsApp-Image-2025-09-24-at-19.34.23-768x432.jpeg 768w, https:\/\/www.paraibamix.com.br\/wp-content\/uploads\/2025\/09\/WhatsApp-Image-2025-09-24-at-19.34.23-1536x864.jpeg 1536w, https:\/\/www.paraibamix.com.br\/wp-content\/uploads\/2025\/09\/WhatsApp-Image-2025-09-24-at-19.34.23.jpeg 1600w\" alt=\"\" width=\"457\" height=\"257\" src=\"data:image\/svg+xml;base64,PHN2ZyB3aWR0aD0iMSIgaGVpZ2h0PSIxIiB4bWxucz0iaHR0cDovL3d3dy53My5vcmcvMjAwMC9zdmciPjwvc3ZnPg==\" style=\"--smush-placeholder-width: 457px; --smush-placeholder-aspect-ratio: 457\/257;\" \/><\/figure>\n<p>O asfalto desta rodovia \u00e9 um uma reivindica\u00e7\u00e3o antiga da popula\u00e7\u00e3o e luta constante do prefeito Z\u00e9 Elias, ao lado de lideran\u00e7as de Soledade, com apoio do deputado Wilson Filho e aten\u00e7\u00e3o do governador Jo\u00e3o Azevedo. Os moradores de Gurj\u00e3o j\u00e1 comemoram cada avan\u00e7o e aguardam ansiosos pelos impactos positivos que a rodovia trar\u00e1 para a economia, a integra\u00e7\u00e3o regional e o desenvolvimento local.<\/p>\n","protected":false},"excerpt":{"rendered":"<p>A t\u00e3o sonhada liga\u00e7\u00e3o asf\u00e1ltica entre Gurj\u00e3o e Soledade segue em ritmo acelerado e j\u00e1 come\u00e7a a transformar a realidade da regi\u00e3o. As obras da&hellip; <\/p>\n","protected":false},"author":6,"featured_media":305168,"comment_status":"closed","ping_status":"closed","sticky":false,"template":"","format":"standard","meta":{"sfsi_plus_gutenberg_text_before_share":"","sfsi_plus_gutenberg_show_text_before_share":"","sfsi_plus_gutenberg_icon_type":"","sfsi_plus_gutenberg_icon_alignemt":"","sfsi_plus_gutenburg_max_per_row":"","footnotes":""},"categories":[50,2,77],"tags":[],"class_list":["post-305167","post","type-post","status-publish","format-standard","has-post-thumbnail","hentry","category-destaque","category-geral","category-gurjao"],"_links":{"self":[{"href":"https:\/\/www.caririemacao.com\/1\/wp-json\/wp\/v2\/posts\/305167","targetHints":{"allow":["GET"]}}],"collection":[{"href":"https:\/\/www.caririemacao.com\/1\/wp-json\/wp\/v2\/posts"}],"about":[{"href":"https:\/\/www.caririemacao.com\/1\/wp-json\/wp\/v2\/types\/post"}],"author":[{"embeddable":true,"href":"https:\/\/www.caririemacao.com\/1\/wp-json\/wp\/v2\/users\/6"}],"replies":[{"embeddable":true,"href":"https:\/\/www.caririemacao.com\/1\/wp-json\/wp\/v2\/comments?post=305167"}],"version-history":[{"count":1,"href":"https:\/\/www.caririemacao.com\/1\/wp-json\/wp\/v2\/posts\/305167\/revisions"}],"predecessor-version":[{"id":305169,"href":"https:\/\/www.caririemacao.com\/1\/wp-json\/wp\/v2\/posts\/305167\/revisions\/305169"}],"wp:featuredmedia":[{"embeddable":true,"href":"https:\/\/www.caririemacao.com\/1\/wp-json\/wp\/v2\/media\/305168"}],"wp:attachment":[{"href":"https:\/\/www.caririemacao.com\/1\/wp-json\/wp\/v2\/media?parent=305167"}],"wp:term":[{"taxonomy":"category","embeddable":true,"href":"https:\/\/www.caririemacao.com\/1\/wp-json\/wp\/v2\/categories?post=305167"},{"taxonomy":"post_tag","embeddable":true,"href":"https:\/\/www.caririemacao.com\/1\/wp-json\/wp\/v2\/tags?post=305167"}],"curies":[{"name":"wp","href":"https:\/\/api.w.org\/{rel}","templated":true}]}}