{"id":305204,"date":"2025-09-25T15:45:05","date_gmt":"2025-09-25T18:45:05","guid":{"rendered":"https:\/\/www.caririemacao.com\/1\/?p=305204"},"modified":"2025-09-25T15:45:05","modified_gmt":"2025-09-25T18:45:05","slug":"cnn-brasil-pesquisa-aponta-joao-azevedo-como-favorito-em-disputa-pelo-senado-na-paraiba-veja-os-numeros","status":"publish","type":"post","link":"https:\/\/www.caririemacao.com\/1\/2025\/09\/25\/cnn-brasil-pesquisa-aponta-joao-azevedo-como-favorito-em-disputa-pelo-senado-na-paraiba-veja-os-numeros\/","title":{"rendered":"CNN BRASIL: Pesquisa aponta Jo\u00e3o Azev\u00eado como favorito em disputa pelo Senado na Para\u00edba; veja os n\u00fameros"},"content":{"rendered":"<p>O governador da\u00a0Para\u00edba,\u00a0Jo\u00e3o Azev\u00eado\u00a0(PSB), aparece como favorito em todos os cen\u00e1rios avaliados para uma eventual disputa pelo Senado no estado, segundo pesquisa divulgada nesta quinta-feira (25) pelo instituto Real Time Big Data.<\/p>\n<p>Em um dos cen\u00e1rios avaliados,\u00a0Jo\u00e3o\u00a0lidera com 31% das inten\u00e7\u00f5es de voto. Em segundo lugar est\u00e1 o senador Veneziano Vital do R\u00eago (MDB), com 21%, seguido pelo ex-ministro da Sa\u00fade Marcelo Queiroga (PL), que marcou 12%. O deputado estadual Nabor Wanderley (Republicanos) aparece com 8%.<\/p>\n<p>Ainda de acordo com a pesquisa, 14% dos entrevistados declararam voto nulo ou branco, e outros 14% n\u00e3o souberam ou n\u00e3o responderam.<\/p>\n<p>O levantamento ouviu 1.200 pessoas nos dias 23 e 24 de setembro. A margem de erro \u00e9 de tr\u00eas pontos percentuais, para mais ou para menos, e o n\u00edvel de confian\u00e7a \u00e9 de 95%.<\/p>\n<figure class=\"wp-block-image\"><img decoding=\"async\" class=\"wp-image-1135198 lazyload\" data-src=\"https:\/\/www.polemicaparaiba.com.br\/wp-content\/uploads\/2025\/09\/Captura-de-tela-2025-09-25-113138.png\" alt=\"\" src=\"data:image\/svg+xml;base64,PHN2ZyB3aWR0aD0iMSIgaGVpZ2h0PSIxIiB4bWxucz0iaHR0cDovL3d3dy53My5vcmcvMjAwMC9zdmciPjwvc3ZnPg==\" \/><\/figure>\n<p>&nbsp;<\/p>\n<p>CNN Brasil<\/p>\n","protected":false},"excerpt":{"rendered":"<p>O governador da\u00a0Para\u00edba,\u00a0Jo\u00e3o Azev\u00eado\u00a0(PSB), aparece como favorito em todos os cen\u00e1rios avaliados para uma eventual disputa pelo Senado no estado, segundo pesquisa divulgada nesta quinta-feira&hellip; <\/p>\n","protected":false},"author":6,"featured_media":305205,"comment_status":"closed","ping_status":"closed","sticky":false,"template":"","format":"standard","meta":{"sfsi_plus_gutenberg_text_before_share":"","sfsi_plus_gutenberg_show_text_before_share":"","sfsi_plus_gutenberg_icon_type":"","sfsi_plus_gutenberg_icon_alignemt":"","sfsi_plus_gutenburg_max_per_row":"","footnotes":""},"categories":[50,2,104,11],"tags":[],"class_list":["post-305204","post","type-post","status-publish","format-standard","has-post-thumbnail","hentry","category-destaque","category-geral","category-paraiba","category-politica"],"_links":{"self":[{"href":"https:\/\/www.caririemacao.com\/1\/wp-json\/wp\/v2\/posts\/305204","targetHints":{"allow":["GET"]}}],"collection":[{"href":"https:\/\/www.caririemacao.com\/1\/wp-json\/wp\/v2\/posts"}],"about":[{"href":"https:\/\/www.caririemacao.com\/1\/wp-json\/wp\/v2\/types\/post"}],"author":[{"embeddable":true,"href":"https:\/\/www.caririemacao.com\/1\/wp-json\/wp\/v2\/users\/6"}],"replies":[{"embeddable":true,"href":"https:\/\/www.caririemacao.com\/1\/wp-json\/wp\/v2\/comments?post=305204"}],"version-history":[{"count":1,"href":"https:\/\/www.caririemacao.com\/1\/wp-json\/wp\/v2\/posts\/305204\/revisions"}],"predecessor-version":[{"id":305206,"href":"https:\/\/www.caririemacao.com\/1\/wp-json\/wp\/v2\/posts\/305204\/revisions\/305206"}],"wp:featuredmedia":[{"embeddable":true,"href":"https:\/\/www.caririemacao.com\/1\/wp-json\/wp\/v2\/media\/305205"}],"wp:attachment":[{"href":"https:\/\/www.caririemacao.com\/1\/wp-json\/wp\/v2\/media?parent=305204"}],"wp:term":[{"taxonomy":"category","embeddable":true,"href":"https:\/\/www.caririemacao.com\/1\/wp-json\/wp\/v2\/categories?post=305204"},{"taxonomy":"post_tag","embeddable":true,"href":"https:\/\/www.caririemacao.com\/1\/wp-json\/wp\/v2\/tags?post=305204"}],"curies":[{"name":"wp","href":"https:\/\/api.w.org\/{rel}","templated":true}]}}