{"id":305312,"date":"2025-09-29T12:10:50","date_gmt":"2025-09-29T15:10:50","guid":{"rendered":"https:\/\/www.caririemacao.com\/1\/?p=305312"},"modified":"2025-09-29T12:10:50","modified_gmt":"2025-09-29T15:10:50","slug":"projeto-da-sedap-pb-destaca-protagonismo-feminino-durante-a-17a-expo-monteiro-2025","status":"publish","type":"post","link":"https:\/\/www.caririemacao.com\/1\/2025\/09\/29\/projeto-da-sedap-pb-destaca-protagonismo-feminino-durante-a-17a-expo-monteiro-2025\/","title":{"rendered":"Projeto da Sedap-PB destaca protagonismo feminino durante a 17\u00aa Expo Monteiro 2025"},"content":{"rendered":"<p align=\"justify\">As mulheres tiveram lugar de destaque na programa\u00e7\u00e3o da 17\u00aa Expo Monteiro, evento realizado at\u00e9 esse domingo (28), com o apoio do Governo do Estado, atrav\u00e9s da\u00a0atrav\u00e9s da Secretaria de Estado do Desenvolvimento da Agropecu\u00e1ria e da Pesca (Sedap-PB). O projeto \u201cMulheres Antes da Porteira\u201d, que tem por objetivo dar visibilidade \u00e0s mulheres como produtoras, identificou v\u00e1rias hist\u00f3rias de protagonismo feminino durante a exposi\u00e7\u00e3o.<\/p>\n<p align=\"justify\">O secret\u00e1rio da Sedap-PB, Joaquim Hugo Vieira, destacou que o projeto tem a fun\u00e7\u00e3o de apresentar o talento e a for\u00e7a da produ\u00e7\u00e3o feminina. \u201cA ideia \u00e9 valorizar o talento feminino, \u00e9 reconhecer a import\u00e2ncia da mulher no meio rural, em diversas atividades, \u00c9 um bra\u00e7o social das a\u00e7\u00f5es da Sedap-PB\u201d, comentou.<\/p>\n<p align=\"justify\">A prefeita de Monteiro, Ana Paula, enfatizou a import\u00e2ncia da presen\u00e7a feminina na Expo Monteiro. \u201cN\u00f3s precisamos, cada vez mais, ocupar mais espa\u00e7os. Prefeitas, somos 54 na Para\u00edba. N\u00f3s precisamos fortalecer esse la\u00e7o de mulheres para fazer o melhor por todos\u201d, avaliou. A gestora apontou que Monteiro \u00e9 a cidade que mais produz leite de cabra, com uma m\u00e9dia di\u00e1ria de 5 mil litros por dia. Ela ressaltou a import\u00e2ncia das parcerias com o Governo do Estado, atrav\u00e9s da Sedap-PB, com o Sebrae-PB e a Associa\u00e7\u00e3o Paraibana dos Criadores de Caprinos e Ovinos (Apacco).<\/p>\n<p align=\"justify\">A assessora de Gest\u00e3o Social da Sedap-PB e idealizadora do projeto, M\u00e1rcia Dornelles, explicou que o projeto Mulheres Antes da Porteira objetiva apresentar a atua\u00e7\u00e3o da mulher nos diferentes neg\u00f3cios. \u201c\u00c9 mostrar o protagonismo feminino dentro das propriedades rurais, \u00e9 revelar que as mulheres produzem, criam, est\u00e3o presentes em diversas atividades, desempenhando tarefas\u00a0 e superando os desafios\u201d, destacou.<\/p>\n<p align=\"justify\">Cria\u00e7\u00e3o de animais \u2013 Um exemplo de mulher empoderamento \u00e9 a criadora Carla Alves. Criadora da ra\u00e7a sandi de caprinos, ela apresentou 16 animais na Expo Monteiro. \u201cEu fui criada na agricultura e depois que eu casei comecei a evoluir a produ\u00e7\u00e3o\u201d, lembrou.<\/p>\n<p align=\"justify\">Artes\u00e3 de ber\u00e7o \u2013 J\u00e1 Dalila Gomes \u00e9 tamb\u00e9m artes\u00e3. Baiana de Feira de Santana e filha de Monteiro de cora\u00e7\u00e3o. \u201cEu sou artes\u00e3 desde crian\u00e7a, porque a minha fam\u00edlia \u00e9 uma fam\u00edlia de artes\u00e3os. A m\u00e3e fazia bordado e costura, minhas tias trabalhavam com patchwork, meu pai era artes\u00e3o com trabalhos em ferro, meus irm\u00e3os seguiram o trabalho do meu pai, minha irm\u00e3 fazia pintura em tecido\u2026 Ent\u00e3o, eu fui aquela crian\u00e7a que cresceu dentro desse universo de cria\u00e7\u00e3o artesantal\u201d, pontuou.<\/p>\n<p align=\"justify\">Dalila Gomes acrescentou que nunca imaginou que o artesanato poderia ser a sua fonte de renda. Ela fez faculdade, \u00e9 professora de espanhol. \u201cO artesanato sempre esteve ali. Uns momentos como um hobby, depois como terapia e na pr\u00f3pria universidade come\u00e7ou a virar empreendedorismo\u201d, relembrou.<\/p>\n<p align=\"justify\">Em 2016, ap\u00f3s passar em um concurso p\u00fablico, foi morar em Monteiro. \u201cAqui os olhos brilharam e comecei a entender que o artesanato que eu fazia como hobby poderia ser uma renda principal\u201d, afirmou. A artes\u00e3 contou que come\u00e7ou a estudar empreendedorismo e procurou o Sebrae-PB para entender como tornar a arte que sabia um neg\u00f3cio, quando tamb\u00e9m fez uma p\u00f3s-gradua\u00e7\u00e3o em moda e mercado.<\/p>\n<p align=\"justify\">Dalila Gomes rememorou que, ao entender como funcionava a moda e o empreendedorismo, revolveu reinvestir no neg\u00f3cio pr\u00f3prio. Dentro do processo, buscou o apoio do Empreender-PB, do Governo do Estado. \u201cEu estava com o projeto de reforma do meu ateli\u00ea e gra\u00e7as ao Empreender-PB, que iniciou a linha de cr\u00e9dito para o artes\u00e3o. O Empreender-PB chegou no momento certo para trazer esse financiamento para eu poder reformular o meu ateli\u00ea e ter um espa\u00e7o decente de trabalho\u201d, revelou.<\/p>\n<p align=\"justify\">A artes\u00e3, que come\u00e7ou a fazer pulseiras em macram\u00ea, passou a fazer adornos que \u201cembelezam mulheres\u201d. De pulseiras a colares e ombreiras, \u201ca ideia \u00e9 trazer autoestima \u00e0s mulheres que vestem as minhas pe\u00e7as\u201d, ressaltou Dalila Gomes.<\/p>\n<p align=\"justify\">Irmandade no artesanato \u2013 As irm\u00e3s Ivandra Cristina Ferreira e Maria Ivonete da Silva s\u00e3o artes\u00e3s monteirenses. As duas trabalham com economia criativa e produzem pe\u00e7as feitas de tecido. Ivandra faz ecobags e outros artigos para cozinha. O artesanato como gerador de renda veio ap\u00f3s 22 anos ao deixar de trabalhar na \u00e1rea de educa\u00e7\u00e3o.<\/p>\n<p align=\"justify\">\u201cSou artes\u00e3 de ber\u00e7o, aprendi com a minha m\u00e3e, cresci entre os tecidos\u201d, frisa Ivandra Ferreira. Ela completou: \u201cA volta ao artesanato aconteceu, de in\u00edcio, como uma terapia na \u00e9poca em que eu trabalhava na educa\u00e7\u00e3o. Depois, eu vi que era uma fonte de renda, que dava para garantir o sustento\u201d.<\/p>\n<p align=\"justify\">J\u00e1 a irm\u00e3 Maria Ivonete ressaltou que sabia fazer as pe\u00e7as, mas n\u00e3o tinha no\u00e7\u00e3o que aquilo podia gerar renda. Com o tempo, foi criando e evoluindo no n\u00edvel de qualidade das pe\u00e7as e ao contatar o Empreender-PB percebeu o potencial do que produzia. \u201cEu passei a empreender, a criar pe\u00e7as diferentes e hoje o artesanato \u00e9 a minha vida\u201d, frisou.<\/p>\n<p align=\"justify\">A artes\u00e3 Rita de C\u00e1ssia Pereira \u00e9 natural da cidade de Serra Branca e produz, ao lado do marido, Ant\u00f4nio Herm\u00f3genes de S\u00e1, pe\u00e7as em barro. Ela aprendeu a arte feita com as m\u00e3os com a m\u00e3e. Aos 8 anos, iniciou fazendo pe\u00e7as pequenas e aos 13 anos passou a fazer panelas e outros itens. \u201cEu sempre trabalhei com o artesanato. Mesmo quando morei em S\u00e3o Paulo, eu nunca deixei de fazer pe\u00e7as em barro. Encarava tamb\u00e9m como uma terapia. Quando voltei para a Para\u00edba, passei a encarar mais como uma profiss\u00e3o\u201d, ponderou. E acrescentou que o marido, aposentado, tamb\u00e9m passou a fazer artesanato e participar de eventos.<\/p>\n","protected":false},"excerpt":{"rendered":"<p>As mulheres tiveram lugar de destaque na programa\u00e7\u00e3o da 17\u00aa Expo Monteiro, evento realizado at\u00e9 esse domingo (28), com o apoio do Governo do Estado,&hellip; <\/p>\n","protected":false},"author":6,"featured_media":305313,"comment_status":"closed","ping_status":"closed","sticky":false,"template":"","format":"standard","meta":{"sfsi_plus_gutenberg_text_before_share":"","sfsi_plus_gutenberg_show_text_before_share":"","sfsi_plus_gutenberg_icon_type":"","sfsi_plus_gutenberg_icon_alignemt":"","sfsi_plus_gutenburg_max_per_row":"","footnotes":""},"categories":[50,2,81,104],"tags":[],"class_list":["post-305312","post","type-post","status-publish","format-standard","has-post-thumbnail","hentry","category-destaque","category-geral","category-monteiro","category-paraiba"],"_links":{"self":[{"href":"https:\/\/www.caririemacao.com\/1\/wp-json\/wp\/v2\/posts\/305312","targetHints":{"allow":["GET"]}}],"collection":[{"href":"https:\/\/www.caririemacao.com\/1\/wp-json\/wp\/v2\/posts"}],"about":[{"href":"https:\/\/www.caririemacao.com\/1\/wp-json\/wp\/v2\/types\/post"}],"author":[{"embeddable":true,"href":"https:\/\/www.caririemacao.com\/1\/wp-json\/wp\/v2\/users\/6"}],"replies":[{"embeddable":true,"href":"https:\/\/www.caririemacao.com\/1\/wp-json\/wp\/v2\/comments?post=305312"}],"version-history":[{"count":1,"href":"https:\/\/www.caririemacao.com\/1\/wp-json\/wp\/v2\/posts\/305312\/revisions"}],"predecessor-version":[{"id":305314,"href":"https:\/\/www.caririemacao.com\/1\/wp-json\/wp\/v2\/posts\/305312\/revisions\/305314"}],"wp:featuredmedia":[{"embeddable":true,"href":"https:\/\/www.caririemacao.com\/1\/wp-json\/wp\/v2\/media\/305313"}],"wp:attachment":[{"href":"https:\/\/www.caririemacao.com\/1\/wp-json\/wp\/v2\/media?parent=305312"}],"wp:term":[{"taxonomy":"category","embeddable":true,"href":"https:\/\/www.caririemacao.com\/1\/wp-json\/wp\/v2\/categories?post=305312"},{"taxonomy":"post_tag","embeddable":true,"href":"https:\/\/www.caririemacao.com\/1\/wp-json\/wp\/v2\/tags?post=305312"}],"curies":[{"name":"wp","href":"https:\/\/api.w.org\/{rel}","templated":true}]}}