{"id":305404,"date":"2025-10-01T12:31:13","date_gmt":"2025-10-01T15:31:13","guid":{"rendered":"https:\/\/www.caririemacao.com\/1\/?p=305404"},"modified":"2025-10-01T12:31:13","modified_gmt":"2025-10-01T15:31:13","slug":"prefeito-de-amparo-anuncia-fabiana-de-fatima-como-nova-secretaria-municipal-de-saude","status":"publish","type":"post","link":"https:\/\/www.caririemacao.com\/1\/2025\/10\/01\/prefeito-de-amparo-anuncia-fabiana-de-fatima-como-nova-secretaria-municipal-de-saude\/","title":{"rendered":"Prefeito de Amparo anuncia Fabiana de F\u00e1tima como nova secret\u00e1ria municipal de Sa\u00fade"},"content":{"rendered":"<p data-start=\"193\" data-end=\"556\">O prefeito de Amparo anunciou oficialmente a nomea\u00e7\u00e3o de Fabiana de F\u00e1tima como nova secret\u00e1ria municipal de Sa\u00fade. Com ampla experi\u00eancia na gest\u00e3o p\u00fablica, Fabiana j\u00e1 atuou em diferentes \u00e1reas da administra\u00e7\u00e3o, como Secretaria de Assist\u00eancia Social, Farm\u00e1cia B\u00e1sica, Regula\u00e7\u00e3o de Exames, CRAS e tamb\u00e9m exerceu a fun\u00e7\u00e3o de diretora da UBS S\u00e3o Sebasti\u00e3o.<\/p>\n<p data-start=\"558\" data-end=\"671\">Agora, ela assume a miss\u00e3o de fortalecer ainda mais o compromisso da gest\u00e3o com a sa\u00fade da popula\u00e7\u00e3o amparense.<\/p>\n<p data-start=\"673\" data-end=\"994\">O prefeito destacou a import\u00e2ncia da escolha e a confian\u00e7a no trabalho da nova secret\u00e1ria.<\/p>\n<p data-start=\"673\" data-end=\"994\">\u201cFabiana chega para somar \u00e0 nossa equipe, trazendo experi\u00eancia, dedica\u00e7\u00e3o e compromisso. Tenho certeza de que, com seu trabalho, vamos continuar avan\u00e7ando e cuidando cada vez mais da sa\u00fade do povo de Amparo\u201d, afirmou o gestor.<\/p>\n<p data-start=\"673\" data-end=\"994\">\n<p data-start=\"673\" data-end=\"994\"><strong>CARIRI EM A\u00c7\u00c3O<\/strong><\/p>\n","protected":false},"excerpt":{"rendered":"<p>O prefeito de Amparo anunciou oficialmente a nomea\u00e7\u00e3o de Fabiana de F\u00e1tima como nova secret\u00e1ria municipal de Sa\u00fade. Com ampla experi\u00eancia na gest\u00e3o p\u00fablica, Fabiana&hellip; <\/p>\n","protected":false},"author":6,"featured_media":305407,"comment_status":"closed","ping_status":"closed","sticky":false,"template":"","format":"standard","meta":{"sfsi_plus_gutenberg_text_before_share":"","sfsi_plus_gutenberg_show_text_before_share":"","sfsi_plus_gutenberg_icon_type":"","sfsi_plus_gutenberg_icon_alignemt":"","sfsi_plus_gutenburg_max_per_row":"","footnotes":""},"categories":[68,50,2],"tags":[],"class_list":["post-305404","post","type-post","status-publish","format-standard","has-post-thumbnail","hentry","category-amparo","category-destaque","category-geral"],"_links":{"self":[{"href":"https:\/\/www.caririemacao.com\/1\/wp-json\/wp\/v2\/posts\/305404","targetHints":{"allow":["GET"]}}],"collection":[{"href":"https:\/\/www.caririemacao.com\/1\/wp-json\/wp\/v2\/posts"}],"about":[{"href":"https:\/\/www.caririemacao.com\/1\/wp-json\/wp\/v2\/types\/post"}],"author":[{"embeddable":true,"href":"https:\/\/www.caririemacao.com\/1\/wp-json\/wp\/v2\/users\/6"}],"replies":[{"embeddable":true,"href":"https:\/\/www.caririemacao.com\/1\/wp-json\/wp\/v2\/comments?post=305404"}],"version-history":[{"count":1,"href":"https:\/\/www.caririemacao.com\/1\/wp-json\/wp\/v2\/posts\/305404\/revisions"}],"predecessor-version":[{"id":305408,"href":"https:\/\/www.caririemacao.com\/1\/wp-json\/wp\/v2\/posts\/305404\/revisions\/305408"}],"wp:featuredmedia":[{"embeddable":true,"href":"https:\/\/www.caririemacao.com\/1\/wp-json\/wp\/v2\/media\/305407"}],"wp:attachment":[{"href":"https:\/\/www.caririemacao.com\/1\/wp-json\/wp\/v2\/media?parent=305404"}],"wp:term":[{"taxonomy":"category","embeddable":true,"href":"https:\/\/www.caririemacao.com\/1\/wp-json\/wp\/v2\/categories?post=305404"},{"taxonomy":"post_tag","embeddable":true,"href":"https:\/\/www.caririemacao.com\/1\/wp-json\/wp\/v2\/tags?post=305404"}],"curies":[{"name":"wp","href":"https:\/\/api.w.org\/{rel}","templated":true}]}}