{"id":305752,"date":"2025-10-09T13:25:37","date_gmt":"2025-10-09T16:25:37","guid":{"rendered":"https:\/\/www.caririemacao.com\/1\/?p=305752"},"modified":"2025-10-09T13:25:37","modified_gmt":"2025-10-09T16:25:37","slug":"ipc-descarta-suspeita-de-morte-por-bebida-adulterada-com-metanol-na-paraiba","status":"publish","type":"post","link":"https:\/\/www.caririemacao.com\/1\/2025\/10\/09\/ipc-descarta-suspeita-de-morte-por-bebida-adulterada-com-metanol-na-paraiba\/","title":{"rendered":"IPC descarta suspeita de morte por bebida adulterada com metanol, na Para\u00edba"},"content":{"rendered":"<div class=\"subtitulo mb-3\"><em><strong>An\u00e1lise de amostras biol\u00f3gicas e de bebidas n\u00e3o constatou tra\u00e7os de metanol, apenas de etanol (\u00e1lcool comum).<\/strong><\/em><\/div>\n<div><\/div>\n<div>\n<p>O Instituto de Pol\u00edcia Cient\u00edfica (IPC) descartou a tese de que\u00a0a morte de Francisco Rariel Dantas da Silva, de 32 anos, na cidade de Bara\u00fana, no dia 4 de setembro, tenha ocorrido por intoxica\u00e7\u00e3o por metanol. A informa\u00e7\u00e3o foi confirmada pelo delegado-geral de Pol\u00edcia Civil, Andr\u00e9 Rabelo.<\/p>\n<p>Ap\u00f3s a an\u00e1lise de amostras biol\u00f3gicas do paciente e de bebidas coletadas no local onde ele consumiu bebidas alco\u00f3licas, n\u00e3o foram constatados tra\u00e7os de metanol \u2013 apenas de etanol (\u00e1lcool comum).<\/p>\n<p>Francisco Rariel morreu ap\u00f3s dar entrada no Hospital Regional de Picu\u00ed com sintomas compat\u00edveis com intoxica\u00e7\u00e3o por metanol. Ele ainda chegou a ser transferido para a Unidade de Terapia Intensiva (UTI) do Hospital de Emerg\u00eancia e Trauma de Campina Grande, mas seu quadro de sa\u00fade piorou progressivamente, o levando \u00e0 morte.<\/p>\n<p>FONTE: Portal Correio<\/p>\n<\/div>\n","protected":false},"excerpt":{"rendered":"<p>An\u00e1lise de amostras biol\u00f3gicas e de bebidas n\u00e3o constatou tra\u00e7os de metanol, apenas de etanol (\u00e1lcool comum). O Instituto de Pol\u00edcia Cient\u00edfica (IPC) descartou a tese de que\u00a0a morte de Francisco Rariel Dantas da Silva, de 32 anos, na cidade de Bara\u00fana, no dia 4 de setembro, tenha ocorrido por intoxica\u00e7\u00e3o por metanol. A informa\u00e7\u00e3o foi confirmada pelo delegado-geral de Pol\u00edcia Civil, Andr\u00e9 Rabelo. Ap\u00f3s a an\u00e1lise de amostras biol\u00f3gicas do paciente e de bebidas coletadas no local onde ele consumiu bebidas alco\u00f3licas, n\u00e3o foram constatados tra\u00e7os de metanol \u2013 apenas de etanol (\u00e1lcool comum). Francisco Rariel morreu ap\u00f3s dar entrada no Hospital Regional de Picu\u00ed com sintomas compat\u00edveis com intoxica\u00e7\u00e3o por metanol. Ele ainda chegou a ser transferido para a Unidade de Terapia Intensiva (UTI) do Hospital de Emerg\u00eancia e Trauma de Campina Grande, mas seu quadro de sa\u00fade piorou progressivamente, o levando \u00e0 morte. FONTE: Portal Correio<\/p>\n","protected":false},"author":6,"featured_media":305753,"comment_status":"closed","ping_status":"closed","sticky":false,"template":"","format":"standard","meta":{"sfsi_plus_gutenberg_text_before_share":"","sfsi_plus_gutenberg_show_text_before_share":"","sfsi_plus_gutenberg_icon_type":"","sfsi_plus_gutenberg_icon_alignemt":"","sfsi_plus_gutenburg_max_per_row":"","footnotes":""},"categories":[50,16],"tags":[],"class_list":["post-305752","post","type-post","status-publish","format-standard","has-post-thumbnail","hentry","category-destaque","category-saude"],"_links":{"self":[{"href":"https:\/\/www.caririemacao.com\/1\/wp-json\/wp\/v2\/posts\/305752","targetHints":{"allow":["GET"]}}],"collection":[{"href":"https:\/\/www.caririemacao.com\/1\/wp-json\/wp\/v2\/posts"}],"about":[{"href":"https:\/\/www.caririemacao.com\/1\/wp-json\/wp\/v2\/types\/post"}],"author":[{"embeddable":true,"href":"https:\/\/www.caririemacao.com\/1\/wp-json\/wp\/v2\/users\/6"}],"replies":[{"embeddable":true,"href":"https:\/\/www.caririemacao.com\/1\/wp-json\/wp\/v2\/comments?post=305752"}],"version-history":[{"count":1,"href":"https:\/\/www.caririemacao.com\/1\/wp-json\/wp\/v2\/posts\/305752\/revisions"}],"predecessor-version":[{"id":305754,"href":"https:\/\/www.caririemacao.com\/1\/wp-json\/wp\/v2\/posts\/305752\/revisions\/305754"}],"wp:featuredmedia":[{"embeddable":true,"href":"https:\/\/www.caririemacao.com\/1\/wp-json\/wp\/v2\/media\/305753"}],"wp:attachment":[{"href":"https:\/\/www.caririemacao.com\/1\/wp-json\/wp\/v2\/media?parent=305752"}],"wp:term":[{"taxonomy":"category","embeddable":true,"href":"https:\/\/www.caririemacao.com\/1\/wp-json\/wp\/v2\/categories?post=305752"},{"taxonomy":"post_tag","embeddable":true,"href":"https:\/\/www.caririemacao.com\/1\/wp-json\/wp\/v2\/tags?post=305752"}],"curies":[{"name":"wp","href":"https:\/\/api.w.org\/{rel}","templated":true}]}}