{"id":305755,"date":"2025-10-09T13:33:10","date_gmt":"2025-10-09T16:33:10","guid":{"rendered":"https:\/\/www.caririemacao.com\/1\/?p=305755"},"modified":"2025-10-09T13:33:10","modified_gmt":"2025-10-09T16:33:10","slug":"evento-com-frei-gilson-em-joao-pessoa-tem-programacao-divulgada-pela-arquidiocese","status":"publish","type":"post","link":"https:\/\/www.caririemacao.com\/1\/2025\/10\/09\/evento-com-frei-gilson-em-joao-pessoa-tem-programacao-divulgada-pela-arquidiocese\/","title":{"rendered":"Evento com Frei Gilson em Jo\u00e3o Pessoa tem programa\u00e7\u00e3o divulgada pela arquidiocese"},"content":{"rendered":"<div class=\"row content-head mc-column non-featured \">\n<div class=\"medium-centered subtitle\">\n<p class=\"content-head__subtitle\"><strong><em>Arquidiocese divulgou outras atra\u00e7\u00f5es e detalhes sobre a estrutura do &#8220;Celebra Jo\u00e3o Pessoa&#8221;, que acontece em 27 de dezembro.<\/em><\/strong><\/p>\n<\/div>\n<\/div>\n<div id=\"chunk-d3e6u\">\n<div class=\"mc-column content-text active-extra-styles \" data-block-type=\"unstyled\" data-block-weight=\"36\" data-block-id=\"3\">\n<p class=\" content-text__container \" data-track-category=\"Link no Texto\" data-track-links=\"\" data-mrf-recirculation=\"Mat\u00e9ria - Links no Texto\">A Arquidiocese da Para\u00edba divulgou, nesta quinta-feira (9), detalhes sobre o evento com Frei Gilson em\u00a0Jo\u00e3o Pessoa. O Celebra Jo\u00e3o Pessoa est\u00e1 marcado para acontecer no dia 27 de dezembro, na orla da capital.<\/p>\n<\/div>\n<\/div>\n<div class=\"wall protected-content\">\n<div id=\"chunk-144ih\">\n<div class=\"mc-column content-text active-extra-styles \" data-block-type=\"unstyled\" data-block-weight=\"44\" data-block-id=\"5\">\n<p class=\" content-text__container \" data-track-category=\"Link no Texto\" data-track-links=\"\" data-mrf-recirculation=\"Mat\u00e9ria - Links no Texto\">Durante uma coletiva de imprensa realizada na sede da Arquidiocese, em Jo\u00e3o Pessoa, al\u00e9m de Frei Gilson, est\u00e3o confirmados shows de Padre Sandro Santos, Padre Nilson Nunes, Padre Puam Ramos e Padre Bruno Costa O evento ser\u00e1 transmitido por uma emissora cat\u00f3lica.<\/p>\n<\/div>\n<\/div>\n<\/div>\n<div class=\"content__signa-share mc-column\">\n<div class=\"content__signature\">\n<div class=\"content-publication-data\">\n<div id=\"chunk-2mh8d\">\n<div class=\"mc-column content-text active-extra-styles \" data-block-type=\"unstyled\" data-block-weight=\"35\" data-block-id=\"7\">\n<p class=\" content-text__container \" data-track-category=\"Link no Texto\" data-track-links=\"\" data-mrf-recirculation=\"Mat\u00e9ria - Links no Texto\">O Celebra Jo\u00e3o Pessoa est\u00e1 previsto para come\u00e7ar \u00e0s 14h50, com momentos de ora\u00e7\u00e3o e apresenta\u00e7\u00f5es de outras atra\u00e7\u00f5es. Frei Gilson ser\u00e1 a \u00faltima atra\u00e7\u00e3o e deve subir ao palco a partir das 18h.<\/p>\n<\/div>\n<\/div>\n<div id=\"chunk-2fd68\">\n<div class=\"content-ads content-ads--reveal\" data-block-type=\"ads\" data-block-id=\"8\">\n<div id=\"banner_materia2\" class=\"tag-manager-publicidade-container tag-manager-publicidade-banner_materia2 tag-manager-publicidade-container--carregado tag-manager-publicidade-container--visivel\" data-google-query-id=\"CO354KHFl5ADFbZJ3QIdHjcLWA\">\n<div id=\"chunk-434is\">\n<div class=\"mc-column content-text active-extra-styles\" data-block-type=\"raw\" data-block-weight=\"40\" data-block-id=\"9\">\n<blockquote class=\"content-blockquote theme-border-color-primary-before\"><p><strong>&#8220;Um grande evento de f\u00e9, comunh\u00e3o e um grande evento de f\u00e9, comunh\u00e3o e esperan\u00e7a que reunir\u00e1 milhares de fi\u00e9is para vivermos juntos um profundo momento de louvor, ora\u00e7\u00e3o e testemunho crist\u00e3o&#8221;, declarou o arcebispo da Para\u00edba, Dom Manoel Delson.<\/strong><\/p><\/blockquote>\n<div id=\"chunk-36ah9\">\n<div class=\"mc-column content-text active-extra-styles \" data-block-type=\"unstyled\" data-block-weight=\"52\" data-block-id=\"11\">\n<p class=\" content-text__container \" data-track-category=\"Link no Texto\" data-track-links=\"\" data-mrf-recirculation=\"Mat\u00e9ria - Links no Texto\">Na ocasi\u00e3o, tamb\u00e9m esteve presente Marcus Alves, presidente Funjope, que destacou que o evento ter\u00e1 a mesma estrutura do r\u00e9veillon de Jo\u00e3o Pessoa, incluindo o palco, ilumina\u00e7\u00e3o e seguran\u00e7a. &#8220;A estrutura de som, de palco, de ilumina\u00e7\u00e3o, de seguran\u00e7a ser\u00e1 toda a estrutura que n\u00f3s tradicionalmente voltamos para o r\u00e9veillon&#8221;.<\/p>\n<\/div>\n<\/div>\n<div id=\"chunk-7bb03\">\n<div class=\"mc-column content-text active-extra-styles\" data-block-type=\"raw\" data-block-weight=\"4\" data-block-id=\"12\">\n<p class=\"content-text__container\" data-mrf-recirculation=\"Mat\u00e9ria - Links no Texto\">\n<div class=\"content-intertitle\">\n<h2>Quem \u00e9 Frei Gilson<\/h2>\n<\/div>\n<p>&nbsp;<\/p>\n<\/div>\n<\/div>\n<div id=\"chunk-dmdek\">\n<div class=\"mc-column content-text active-extra-styles \" data-block-type=\"unstyled\" data-block-weight=\"44\" data-block-id=\"13\">\n<p class=\" content-text__container \" data-track-category=\"Link no Texto\" data-track-links=\"\" data-mrf-recirculation=\"Mat\u00e9ria - Links no Texto\">O<strong>\u00a0l\u00edder religioso Frei Gilson ficou famoso por meio das redes sociais<\/strong>, onde faz transmiss\u00f5es ao vivo com prega\u00e7\u00f5es. Durante a Quaresma de 2025, o frei j\u00e1 chegou a reunir mais de 1 milh\u00e3o de telespectadores em uma live \u00e0s 4h da manh\u00e3.<\/p>\n<div id=\"chunk-f3chg\">\n<div class=\"mc-column content-text active-extra-styles \" data-block-type=\"unstyled\" data-block-weight=\"58\" data-block-id=\"15\">\n<p class=\" content-text__container \" data-track-category=\"Link no Texto\" data-track-links=\"\" data-mrf-recirculation=\"Mat\u00e9ria - Links no Texto\">Com mais de 10 milh\u00f5es de seguidores no Instagram, o frei \u00e9 da Ordem das Carmelitas do Esp\u00edrito Santo. O religioso viralizou na internet no Dia Internacional da Mulher, com uma fala dizendo que \u201cDeus deu ao homem a lideran\u00e7a\u201d. Na ocasi\u00e3o, ele recebeu o apoio p\u00fablico do deputado Nikolas Ferreira e do ex-presidente Jair Bolsonaro.<\/p>\n<\/div>\n<\/div>\n<div id=\"chunk-72c27\">\n<div class=\"mc-column content-text active-extra-styles\" data-block-type=\"raw\" data-block-weight=\"6\" data-block-id=\"16\">\n<p class=\"content-text__container\" data-mrf-recirculation=\"Mat\u00e9ria - Links no Texto\">\n<div class=\"content-intertitle\">FONTE: G1<\/div>\n<\/div>\n<\/div>\n<\/div>\n<\/div>\n<\/div>\n<\/div>\n<div id=\"chunk-e2nud\">\n<div class=\"cxm-video-block mc-column  content-media content-video\" data-block-type=\"backstage-video\" data-block-id=\"10\">\n<div class=\"content-media__container content-media__container--codex-fallback\">\n<div class=\"content-video__bigger-player-description-fixer\">\n<article class=\"content-video\">\n<section class=\"content-video__video-container\">\n<div class=\"content-video__video\">\n<div class=\"content-video__placeholder\" data-video-id=\"992055\"><\/div>\n<\/div>\n<\/section>\n<\/article>\n<\/div>\n<\/div>\n<\/div>\n<\/div>\n<\/div>\n<\/div>\n<\/div>\n<\/div>\n<\/div>\n<\/div>\n","protected":false},"excerpt":{"rendered":"<p>Arquidiocese divulgou outras atra\u00e7\u00f5es e detalhes sobre a estrutura do &#8220;Celebra Jo\u00e3o Pessoa&#8221;, que acontece em 27 de dezembro. A Arquidiocese da Para\u00edba divulgou, nesta quinta-feira (9), detalhes sobre o evento com Frei Gilson em\u00a0Jo\u00e3o Pessoa. O Celebra Jo\u00e3o Pessoa est\u00e1 marcado para acontecer no dia 27 de dezembro, na orla da capital. Durante uma coletiva de imprensa realizada na sede da Arquidiocese, em Jo\u00e3o Pessoa, al\u00e9m de Frei Gilson, est\u00e3o confirmados shows de Padre Sandro Santos, Padre Nilson Nunes, Padre Puam Ramos e Padre Bruno Costa O evento ser\u00e1 transmitido por uma emissora cat\u00f3lica. O Celebra Jo\u00e3o Pessoa est\u00e1 previsto para come\u00e7ar \u00e0s 14h50, com momentos de ora\u00e7\u00e3o e apresenta\u00e7\u00f5es de outras atra\u00e7\u00f5es. Frei Gilson ser\u00e1 a \u00faltima atra\u00e7\u00e3o e deve subir ao palco a partir das 18h. &#8220;Um grande evento de f\u00e9, comunh\u00e3o e um grande evento de f\u00e9, comunh\u00e3o e esperan\u00e7a que reunir\u00e1 milhares de fi\u00e9is para vivermos juntos um profundo momento de louvor, ora\u00e7\u00e3o e testemunho crist\u00e3o&#8221;, declarou o arcebispo da Para\u00edba, Dom Manoel Delson. Na ocasi\u00e3o, tamb\u00e9m esteve presente Marcus Alves, presidente Funjope, que destacou que o evento ter\u00e1 a mesma estrutura do r\u00e9veillon de Jo\u00e3o Pessoa, incluindo o palco, ilumina\u00e7\u00e3o e seguran\u00e7a. &#8220;A estrutura de som, de palco, de ilumina\u00e7\u00e3o, de seguran\u00e7a ser\u00e1 toda a estrutura que n\u00f3s tradicionalmente voltamos para o r\u00e9veillon&#8221;. Quem \u00e9 Frei Gilson &nbsp; O\u00a0l\u00edder religioso Frei Gilson ficou famoso por meio das redes sociais, onde faz transmiss\u00f5es ao vivo com prega\u00e7\u00f5es. Durante a Quaresma de 2025, o frei j\u00e1 chegou a reunir mais de 1 milh\u00e3o de telespectadores em uma live \u00e0s 4h da manh\u00e3. Com mais de 10 milh\u00f5es de seguidores no Instagram, o frei \u00e9 da Ordem das Carmelitas do Esp\u00edrito Santo. O religioso viralizou na internet no Dia Internacional da Mulher, com uma fala dizendo que \u201cDeus deu ao homem a lideran\u00e7a\u201d. Na ocasi\u00e3o, ele recebeu o apoio p\u00fablico do deputado Nikolas Ferreira e do ex-presidente Jair Bolsonaro. FONTE: G1<\/p>\n","protected":false},"author":6,"featured_media":305756,"comment_status":"closed","ping_status":"closed","sticky":false,"template":"","format":"standard","meta":{"sfsi_plus_gutenberg_text_before_share":"","sfsi_plus_gutenberg_show_text_before_share":"","sfsi_plus_gutenberg_icon_type":"","sfsi_plus_gutenberg_icon_alignemt":"","sfsi_plus_gutenburg_max_per_row":"","footnotes":""},"categories":[50,115,104],"tags":[],"class_list":["post-305755","post","type-post","status-publish","format-standard","has-post-thumbnail","hentry","category-destaque","category-joao-pessoa","category-paraiba"],"_links":{"self":[{"href":"https:\/\/www.caririemacao.com\/1\/wp-json\/wp\/v2\/posts\/305755","targetHints":{"allow":["GET"]}}],"collection":[{"href":"https:\/\/www.caririemacao.com\/1\/wp-json\/wp\/v2\/posts"}],"about":[{"href":"https:\/\/www.caririemacao.com\/1\/wp-json\/wp\/v2\/types\/post"}],"author":[{"embeddable":true,"href":"https:\/\/www.caririemacao.com\/1\/wp-json\/wp\/v2\/users\/6"}],"replies":[{"embeddable":true,"href":"https:\/\/www.caririemacao.com\/1\/wp-json\/wp\/v2\/comments?post=305755"}],"version-history":[{"count":1,"href":"https:\/\/www.caririemacao.com\/1\/wp-json\/wp\/v2\/posts\/305755\/revisions"}],"predecessor-version":[{"id":305757,"href":"https:\/\/www.caririemacao.com\/1\/wp-json\/wp\/v2\/posts\/305755\/revisions\/305757"}],"wp:featuredmedia":[{"embeddable":true,"href":"https:\/\/www.caririemacao.com\/1\/wp-json\/wp\/v2\/media\/305756"}],"wp:attachment":[{"href":"https:\/\/www.caririemacao.com\/1\/wp-json\/wp\/v2\/media?parent=305755"}],"wp:term":[{"taxonomy":"category","embeddable":true,"href":"https:\/\/www.caririemacao.com\/1\/wp-json\/wp\/v2\/categories?post=305755"},{"taxonomy":"post_tag","embeddable":true,"href":"https:\/\/www.caririemacao.com\/1\/wp-json\/wp\/v2\/tags?post=305755"}],"curies":[{"name":"wp","href":"https:\/\/api.w.org\/{rel}","templated":true}]}}