{"id":305793,"date":"2025-10-10T10:10:21","date_gmt":"2025-10-10T13:10:21","guid":{"rendered":"https:\/\/www.caririemacao.com\/1\/?p=305793"},"modified":"2025-10-10T10:10:21","modified_gmt":"2025-10-10T13:10:21","slug":"prefeitura-de-zabele-celebra-semana-da-crianca-com-muita-diversao-na-escola-infantil","status":"publish","type":"post","link":"https:\/\/www.caririemacao.com\/1\/2025\/10\/10\/prefeitura-de-zabele-celebra-semana-da-crianca-com-muita-diversao-na-escola-infantil\/","title":{"rendered":"Prefeitura de Zabel\u00ea celebra Semana da Crian\u00e7a com muita divers\u00e3o na Escola Infantil"},"content":{"rendered":"<p id=\"viewer-esm3c492\">Nesta quarta-feira, 08 de outubro, a Escola Infantil de Zabel\u00ea foi palco de mais um dia especial da Semana da Crian\u00e7a, com uma programa\u00e7\u00e3o recheada de divers\u00e3o, aprendizado e integra\u00e7\u00e3o.<\/p>\n<p id=\"viewer-zyhmw480\">Os pequenos participaram de hist\u00f3rias cantadas, m\u00fasica e movimento, brincadeiras diversas e ainda desfrutaram de um delicioso piquenique ao ar livre, momentos que combinam educa\u00e7\u00e3o com lazer e estimulam a imagina\u00e7\u00e3o.<\/p>\n<p id=\"viewer-cp8ol482\">Segundo a gest\u00e3o municipal, a\u00e7\u00f5es como essa fortalecem o v\u00ednculo entre crian\u00e7as e escola, promovem socializa\u00e7\u00e3o e tornam o aprendizado mais leve e significativo.<\/p>\n<p id=\"viewer-sb5cs484\">Em Zabel\u00ea, aprender tamb\u00e9m \u00e9 brincar, e a Semana da Crian\u00e7a refor\u00e7a o compromisso da Prefeitura com o desenvolvimento integral e a alegria dos pequenos.<\/p>\n<p>&nbsp;<\/p>\n<p>S\u00f3PB<\/p>\n","protected":false},"excerpt":{"rendered":"<p>Nesta quarta-feira, 08 de outubro, a Escola Infantil de Zabel\u00ea foi palco de mais um dia especial da Semana da Crian\u00e7a, com uma programa\u00e7\u00e3o recheada&hellip; <\/p>\n","protected":false},"author":6,"featured_media":305795,"comment_status":"closed","ping_status":"closed","sticky":false,"template":"","format":"standard","meta":{"sfsi_plus_gutenberg_text_before_share":"","sfsi_plus_gutenberg_show_text_before_share":"","sfsi_plus_gutenberg_icon_type":"","sfsi_plus_gutenberg_icon_alignemt":"","sfsi_plus_gutenburg_max_per_row":"","footnotes":""},"categories":[50,2,97],"tags":[],"class_list":["post-305793","post","type-post","status-publish","format-standard","has-post-thumbnail","hentry","category-destaque","category-geral","category-zabele"],"_links":{"self":[{"href":"https:\/\/www.caririemacao.com\/1\/wp-json\/wp\/v2\/posts\/305793","targetHints":{"allow":["GET"]}}],"collection":[{"href":"https:\/\/www.caririemacao.com\/1\/wp-json\/wp\/v2\/posts"}],"about":[{"href":"https:\/\/www.caririemacao.com\/1\/wp-json\/wp\/v2\/types\/post"}],"author":[{"embeddable":true,"href":"https:\/\/www.caririemacao.com\/1\/wp-json\/wp\/v2\/users\/6"}],"replies":[{"embeddable":true,"href":"https:\/\/www.caririemacao.com\/1\/wp-json\/wp\/v2\/comments?post=305793"}],"version-history":[{"count":1,"href":"https:\/\/www.caririemacao.com\/1\/wp-json\/wp\/v2\/posts\/305793\/revisions"}],"predecessor-version":[{"id":305796,"href":"https:\/\/www.caririemacao.com\/1\/wp-json\/wp\/v2\/posts\/305793\/revisions\/305796"}],"wp:featuredmedia":[{"embeddable":true,"href":"https:\/\/www.caririemacao.com\/1\/wp-json\/wp\/v2\/media\/305795"}],"wp:attachment":[{"href":"https:\/\/www.caririemacao.com\/1\/wp-json\/wp\/v2\/media?parent=305793"}],"wp:term":[{"taxonomy":"category","embeddable":true,"href":"https:\/\/www.caririemacao.com\/1\/wp-json\/wp\/v2\/categories?post=305793"},{"taxonomy":"post_tag","embeddable":true,"href":"https:\/\/www.caririemacao.com\/1\/wp-json\/wp\/v2\/tags?post=305793"}],"curies":[{"name":"wp","href":"https:\/\/api.w.org\/{rel}","templated":true}]}}