{"id":305897,"date":"2025-10-14T06:00:38","date_gmt":"2025-10-14T09:00:38","guid":{"rendered":"https:\/\/www.caririemacao.com\/1\/?p=305897"},"modified":"2025-10-14T07:19:10","modified_gmt":"2025-10-14T10:19:10","slug":"chapa-governista-para-2026-pode-ter-adriano-galdino-como-vice-revela-nabor","status":"publish","type":"post","link":"https:\/\/www.caririemacao.com\/1\/2025\/10\/14\/chapa-governista-para-2026-pode-ter-adriano-galdino-como-vice-revela-nabor\/","title":{"rendered":"Chapa governista para 2026 pode ter Adriano Galdino como vice, revela Nabor"},"content":{"rendered":"<p>O prefeito de Patos,\u00a0Nabor Wanderley (Republicanos)\u00a0revelou que est\u00e3o em andamento as conversas para que o presidente da Assembleia Legislativa da Para\u00edba,\u00a0Adriano Galdino (Republicanos), possa ocupar o cargo de vice na chapa governista nas elei\u00e7\u00f5es de 2026.<\/p>\n<p>Segundo Nabor, o di\u00e1logo tem ocorrido de forma constante e respeitosa:\u00a0\u201cAdriano \u00e9 um grande companheiro, a gente vai construir tudo isso conversando com ele. Temos um respeito muito grande. \u00c9 uma pessoa que contribui muito com o nosso Partido Republicano. Ent\u00e3o, estamos conversando com ele para que a gente possa definir essa chapa, e Adriano tem um espa\u00e7o nela\u201d,\u00a0afirmou.<\/p>\n<p>O parlamentar destacou que o partido j\u00e1 havia oferecido a vaga ao Senado para Galdino, mas ele n\u00e3o demonstrou interesse, por estar focado em uma poss\u00edvel pr\u00e9-candidatura ao Governo do Estado.<\/p>\n<p>&nbsp;<\/p>\n<p>Portal da Capital<\/p>\n","protected":false},"excerpt":{"rendered":"<p>O prefeito de Patos,\u00a0Nabor Wanderley (Republicanos)\u00a0revelou que est\u00e3o em andamento as conversas para que o presidente da Assembleia Legislativa da Para\u00edba,\u00a0Adriano Galdino (Republicanos), possa ocupar&hellip; <\/p>\n","protected":false},"author":6,"featured_media":305898,"comment_status":"closed","ping_status":"closed","sticky":false,"template":"","format":"standard","meta":{"sfsi_plus_gutenberg_text_before_share":"","sfsi_plus_gutenberg_show_text_before_share":"","sfsi_plus_gutenberg_icon_type":"","sfsi_plus_gutenberg_icon_alignemt":"","sfsi_plus_gutenburg_max_per_row":"","footnotes":""},"categories":[50,2,104,11],"tags":[],"class_list":["post-305897","post","type-post","status-publish","format-standard","has-post-thumbnail","hentry","category-destaque","category-geral","category-paraiba","category-politica"],"_links":{"self":[{"href":"https:\/\/www.caririemacao.com\/1\/wp-json\/wp\/v2\/posts\/305897","targetHints":{"allow":["GET"]}}],"collection":[{"href":"https:\/\/www.caririemacao.com\/1\/wp-json\/wp\/v2\/posts"}],"about":[{"href":"https:\/\/www.caririemacao.com\/1\/wp-json\/wp\/v2\/types\/post"}],"author":[{"embeddable":true,"href":"https:\/\/www.caririemacao.com\/1\/wp-json\/wp\/v2\/users\/6"}],"replies":[{"embeddable":true,"href":"https:\/\/www.caririemacao.com\/1\/wp-json\/wp\/v2\/comments?post=305897"}],"version-history":[{"count":1,"href":"https:\/\/www.caririemacao.com\/1\/wp-json\/wp\/v2\/posts\/305897\/revisions"}],"predecessor-version":[{"id":305899,"href":"https:\/\/www.caririemacao.com\/1\/wp-json\/wp\/v2\/posts\/305897\/revisions\/305899"}],"wp:featuredmedia":[{"embeddable":true,"href":"https:\/\/www.caririemacao.com\/1\/wp-json\/wp\/v2\/media\/305898"}],"wp:attachment":[{"href":"https:\/\/www.caririemacao.com\/1\/wp-json\/wp\/v2\/media?parent=305897"}],"wp:term":[{"taxonomy":"category","embeddable":true,"href":"https:\/\/www.caririemacao.com\/1\/wp-json\/wp\/v2\/categories?post=305897"},{"taxonomy":"post_tag","embeddable":true,"href":"https:\/\/www.caririemacao.com\/1\/wp-json\/wp\/v2\/tags?post=305897"}],"curies":[{"name":"wp","href":"https:\/\/api.w.org\/{rel}","templated":true}]}}