{"id":306082,"date":"2025-10-18T10:22:25","date_gmt":"2025-10-18T13:22:25","guid":{"rendered":"https:\/\/www.caririemacao.com\/1\/?p=306082"},"modified":"2025-10-18T10:22:25","modified_gmt":"2025-10-18T13:22:25","slug":"mulher-e-morta-com-golpes-de-madeira-na-cabeca-por-homem-com-quem-se-relacionava-na-pb","status":"publish","type":"post","link":"https:\/\/www.caririemacao.com\/1\/2025\/10\/18\/mulher-e-morta-com-golpes-de-madeira-na-cabeca-por-homem-com-quem-se-relacionava-na-pb\/","title":{"rendered":"Mulher \u00e9 morta com golpes de madeira na cabe\u00e7a por homem com quem se relacionava, na PB"},"content":{"rendered":"<div class=\"row content-head mc-column non-featured \">\n<div class=\"medium-centered subtitle\">\n<p class=\"content-head__subtitle\"><em><strong>V\u00edtima procurou atendimento no Hospital de Trauma de Campina Grande ap\u00f3s agress\u00e3o e foi liberada ap\u00f3s exames. Durante a noite, passou mal e n\u00e3o resistiu. Suspeito foi encontrado morto em um a\u00e7ude.<\/strong><\/em><\/p>\n<\/div>\n<div id=\"chunk-ceu1s\">\n<div class=\"mc-column content-text active-extra-styles \" data-block-type=\"unstyled\" data-block-weight=\"38\" data-block-id=\"3\">\n<p class=\" content-text__container \" data-track-category=\"Link no Texto\" data-track-links=\"\" data-mrf-recirculation=\"Mat\u00e9ria - Links no Texto\">Uma mulher de 47 anos morreu ap\u00f3s ser agredida com golpes de madeira na cabe\u00e7a pelo homem com quem mantinha um relacionamento, ontem quinta-feira (17), na cidade de Lagoa Seca, no Agreste da Para\u00edba. Suspeito foi encontrado morto.<\/p>\n<\/div>\n<\/div>\n<div class=\"wall protected-content\">\n<div id=\"chunk-66qak\">\n<div class=\"mc-column content-text active-extra-styles \" data-block-type=\"unstyled\" data-block-weight=\"49\" data-block-id=\"5\">\n<p class=\" content-text__container \" data-track-category=\"Link no Texto\" data-track-links=\"\" data-mrf-recirculation=\"Mat\u00e9ria - Links no Texto\">Ap\u00f3s a agress\u00e3o, a mulher procurou atendimento m\u00e9dico no Hospital de Trauma de\u00a0Campina Grande, onde passou por uma s\u00e9rie de exames que n\u00e3o identificaram agravantes de risco causados pelos golpes na cabe\u00e7a. A mulher foi liberada do hospital, mas passou mal durante a noite e n\u00e3o resistiu.<\/p>\n<\/div>\n<\/div>\n<\/div>\n<\/div>\n<div id=\"chunk-4hmbo\">\n<div class=\"mc-column content-text active-extra-styles \" data-block-type=\"unstyled\" data-block-weight=\"44\" data-block-id=\"7\">\n<p class=\" content-text__container \" data-track-category=\"Link no Texto\" data-track-links=\"\" data-mrf-recirculation=\"Mat\u00e9ria - Links no Texto\">Em nota, o Hospital de Trauma afirmou que foram feitos exames de imagem na v\u00edtima, avaliados por uma equipe composta por um cirurgi\u00e3o-geral, um neurocirurgi\u00e3o, ortopedista e bucomaxilofacial, mas que les\u00f5es mais graves n\u00e3o foram identificadas e por isso a paciente recebeu alta.<\/p>\n<\/div>\n<\/div>\n<div id=\"chunk-1eegk\">\n<div class=\"content-ads content-ads--reveal\" data-block-type=\"ads\" data-block-id=\"8\">\n<div id=\"banner_materia2\" class=\"tag-manager-publicidade-container tag-manager-publicidade-banner_materia2 tag-manager-publicidade-container--carregado tag-manager-publicidade-container--visivel\" data-google-query-id=\"CNKts7LrrZADFdRSuAQd0pg69Q\">\n<div id=\"chunk-8i0b1\">\n<div class=\"mc-column content-text active-extra-styles \" data-block-type=\"unstyled\" data-block-weight=\"49\" data-block-id=\"9\">\n<p class=\" content-text__container \" data-track-category=\"Link no Texto\" data-track-links=\"\" data-mrf-recirculation=\"Mat\u00e9ria - Links no Texto\">Depois da den\u00fancia do caso de agress\u00e3o, a Pol\u00edcia Militar e a Pol\u00edcia Civil iniciaram investiga\u00e7\u00f5es para localizar o suspeito, um homem de 65 anos. Ap\u00f3s o in\u00edcio das buscas, as equipes de pol\u00edcia foram informadas de que o suspeito havia sido visto em um a\u00e7ude da regi\u00e3o.<\/p>\n<\/div>\n<\/div>\n<div id=\"chunk-a08el\">\n<div class=\"mc-column content-text active-extra-styles \" data-block-type=\"unstyled\" data-block-weight=\"22\" data-block-id=\"10\">\n<p class=\" content-text__container \" data-track-category=\"Link no Texto\" data-track-links=\"\" data-mrf-recirculation=\"Mat\u00e9ria - Links no Texto\">O Corpo de Bombeiros foi acionado para realizar uma busca no local, onde o corpo do suspeito foi encontrado sem vida.<\/p>\n<p data-track-category=\"Link no Texto\" data-track-links=\"\" data-mrf-recirculation=\"Mat\u00e9ria - Links no Texto\">FONTE: G1<\/p>\n<\/div>\n<\/div>\n<\/div>\n<\/div>\n<\/div>\n<div class=\"content__signa-share mc-column\">\n<div class=\"content__signature\">\n<div class=\"content-publication-data\">\n<p class=\"content-publication-data__text\">\n<\/div>\n<\/div>\n<\/div>\n","protected":false},"excerpt":{"rendered":"<p>V\u00edtima procurou atendimento no Hospital de Trauma de Campina Grande ap\u00f3s agress\u00e3o e foi liberada ap\u00f3s exames. Durante a noite, passou mal e n\u00e3o resistiu. Suspeito foi encontrado morto em um a\u00e7ude. Uma mulher de 47 anos morreu ap\u00f3s ser agredida com golpes de madeira na cabe\u00e7a pelo homem com quem mantinha um relacionamento, ontem quinta-feira (17), na cidade de Lagoa Seca, no Agreste da Para\u00edba. Suspeito foi encontrado morto. Ap\u00f3s a agress\u00e3o, a mulher procurou atendimento m\u00e9dico no Hospital de Trauma de\u00a0Campina Grande, onde passou por uma s\u00e9rie de exames que n\u00e3o identificaram agravantes de risco causados pelos golpes na cabe\u00e7a. A mulher foi liberada do hospital, mas passou mal durante a noite e n\u00e3o resistiu. Em nota, o Hospital de Trauma afirmou que foram feitos exames de imagem na v\u00edtima, avaliados por uma equipe composta por um cirurgi\u00e3o-geral, um neurocirurgi\u00e3o, ortopedista e bucomaxilofacial, mas que les\u00f5es mais graves n\u00e3o foram identificadas e por isso a paciente recebeu alta. Depois da den\u00fancia do caso de agress\u00e3o, a Pol\u00edcia Militar e a Pol\u00edcia Civil iniciaram investiga\u00e7\u00f5es para localizar o suspeito, um homem de 65 anos. Ap\u00f3s o in\u00edcio das buscas, as equipes de pol\u00edcia foram informadas de que o suspeito havia sido visto em um a\u00e7ude da regi\u00e3o. O Corpo de Bombeiros foi acionado para realizar uma busca no local, onde o corpo do suspeito foi encontrado sem vida. FONTE: G1<\/p>\n","protected":false},"author":6,"featured_media":306084,"comment_status":"closed","ping_status":"closed","sticky":false,"template":"","format":"standard","meta":{"sfsi_plus_gutenberg_text_before_share":"","sfsi_plus_gutenberg_show_text_before_share":"","sfsi_plus_gutenberg_icon_type":"","sfsi_plus_gutenberg_icon_alignemt":"","sfsi_plus_gutenburg_max_per_row":"","footnotes":""},"categories":[129,50,12],"tags":[],"class_list":["post-306082","post","type-post","status-publish","format-standard","has-post-thumbnail","hentry","category-campina-grande-2","category-destaque","category-policia"],"_links":{"self":[{"href":"https:\/\/www.caririemacao.com\/1\/wp-json\/wp\/v2\/posts\/306082","targetHints":{"allow":["GET"]}}],"collection":[{"href":"https:\/\/www.caririemacao.com\/1\/wp-json\/wp\/v2\/posts"}],"about":[{"href":"https:\/\/www.caririemacao.com\/1\/wp-json\/wp\/v2\/types\/post"}],"author":[{"embeddable":true,"href":"https:\/\/www.caririemacao.com\/1\/wp-json\/wp\/v2\/users\/6"}],"replies":[{"embeddable":true,"href":"https:\/\/www.caririemacao.com\/1\/wp-json\/wp\/v2\/comments?post=306082"}],"version-history":[{"count":1,"href":"https:\/\/www.caririemacao.com\/1\/wp-json\/wp\/v2\/posts\/306082\/revisions"}],"predecessor-version":[{"id":306085,"href":"https:\/\/www.caririemacao.com\/1\/wp-json\/wp\/v2\/posts\/306082\/revisions\/306085"}],"wp:featuredmedia":[{"embeddable":true,"href":"https:\/\/www.caririemacao.com\/1\/wp-json\/wp\/v2\/media\/306084"}],"wp:attachment":[{"href":"https:\/\/www.caririemacao.com\/1\/wp-json\/wp\/v2\/media?parent=306082"}],"wp:term":[{"taxonomy":"category","embeddable":true,"href":"https:\/\/www.caririemacao.com\/1\/wp-json\/wp\/v2\/categories?post=306082"},{"taxonomy":"post_tag","embeddable":true,"href":"https:\/\/www.caririemacao.com\/1\/wp-json\/wp\/v2\/tags?post=306082"}],"curies":[{"name":"wp","href":"https:\/\/api.w.org\/{rel}","templated":true}]}}