{"id":306417,"date":"2025-10-27T16:39:11","date_gmt":"2025-10-27T19:39:11","guid":{"rendered":"https:\/\/www.caririemacao.com\/1\/?p=306417"},"modified":"2025-10-27T16:39:11","modified_gmt":"2025-10-27T19:39:11","slug":"policia-militar-apreende-drogas-na-cidade-de-sume","status":"publish","type":"post","link":"https:\/\/www.caririemacao.com\/1\/2025\/10\/27\/policia-militar-apreende-drogas-na-cidade-de-sume\/","title":{"rendered":"Pol\u00edcia Militar apreende drogas na cidade de Sum\u00e9"},"content":{"rendered":"<div class=\"spc-20 clearfix\"><\/div>\n<p>Nesta segunda-feira, 27 de outubro, policiais militares do 11\u00ba Batalh\u00e3o foram acionados para averiguar uma poss\u00edvel agress\u00e3o na Vila Z\u00e9 D\u00e1rio, em Sum\u00e9.<\/p>\n<p>Ao chegarem ao local, os militares encontraram uma resid\u00eancia abandonada, de onde alguns indiv\u00edduos fugiram pelos fundos ao perceberem a presen\u00e7a da guarni\u00e7\u00e3o.<\/p>\n<p>Durante a verifica\u00e7\u00e3o do im\u00f3vel, al\u00e9m de apurar a ocorr\u00eancia de agress\u00e3o, os policiais localizaram 49 pedras de uma subst\u00e2ncia semelhante ao crack e a quantia de R$ 204,00 em esp\u00e9cie.<\/p>\n<p>Todo o material foi apreendido e encaminhado \u00e0 Delegacia de Pol\u00edcia Civil de Sum\u00e9, onde ser\u00e3o adotadas as medidas cab\u00edveis.<\/p>\n<p><em>Com 11\u00ba Batalh\u00e3o de Pol\u00edcia Militar<\/em><\/p>\n<div class=\"heateor_sss_sharing_container heateor_sss_horizontal_sharing\" data-heateor-ss-offset=\"0\" data-heateor-sss-href=\"https:\/\/www.vitrinedocariri.com.br\/2025\/10\/27\/policia-militar-apreende-drogas-na-cidade-de-sume\/\"><\/div>\n","protected":false},"excerpt":{"rendered":"<p>Nesta segunda-feira, 27 de outubro, policiais militares do 11\u00ba Batalh\u00e3o foram acionados para averiguar uma poss\u00edvel agress\u00e3o na Vila Z\u00e9 D\u00e1rio, em Sum\u00e9. Ao chegarem ao local, os militares encontraram uma resid\u00eancia abandonada, de onde alguns indiv\u00edduos fugiram pelos fundos ao perceberem a presen\u00e7a da guarni\u00e7\u00e3o. Durante a verifica\u00e7\u00e3o do im\u00f3vel, al\u00e9m de apurar a ocorr\u00eancia de agress\u00e3o, os policiais localizaram 49 pedras de uma subst\u00e2ncia semelhante ao crack e a quantia de R$ 204,00 em esp\u00e9cie. Todo o material foi apreendido e encaminhado \u00e0 Delegacia de Pol\u00edcia Civil de Sum\u00e9, onde ser\u00e3o adotadas as medidas cab\u00edveis. Com 11\u00ba Batalh\u00e3o de Pol\u00edcia Militar<\/p>\n","protected":false},"author":6,"featured_media":306418,"comment_status":"closed","ping_status":"closed","sticky":false,"template":"","format":"standard","meta":{"sfsi_plus_gutenberg_text_before_share":"","sfsi_plus_gutenberg_show_text_before_share":"","sfsi_plus_gutenberg_icon_type":"","sfsi_plus_gutenberg_icon_alignemt":"","sfsi_plus_gutenburg_max_per_row":"","footnotes":""},"categories":[50,2,95],"tags":[],"class_list":["post-306417","post","type-post","status-publish","format-standard","has-post-thumbnail","hentry","category-destaque","category-geral","category-sume"],"_links":{"self":[{"href":"https:\/\/www.caririemacao.com\/1\/wp-json\/wp\/v2\/posts\/306417","targetHints":{"allow":["GET"]}}],"collection":[{"href":"https:\/\/www.caririemacao.com\/1\/wp-json\/wp\/v2\/posts"}],"about":[{"href":"https:\/\/www.caririemacao.com\/1\/wp-json\/wp\/v2\/types\/post"}],"author":[{"embeddable":true,"href":"https:\/\/www.caririemacao.com\/1\/wp-json\/wp\/v2\/users\/6"}],"replies":[{"embeddable":true,"href":"https:\/\/www.caririemacao.com\/1\/wp-json\/wp\/v2\/comments?post=306417"}],"version-history":[{"count":1,"href":"https:\/\/www.caririemacao.com\/1\/wp-json\/wp\/v2\/posts\/306417\/revisions"}],"predecessor-version":[{"id":306419,"href":"https:\/\/www.caririemacao.com\/1\/wp-json\/wp\/v2\/posts\/306417\/revisions\/306419"}],"wp:featuredmedia":[{"embeddable":true,"href":"https:\/\/www.caririemacao.com\/1\/wp-json\/wp\/v2\/media\/306418"}],"wp:attachment":[{"href":"https:\/\/www.caririemacao.com\/1\/wp-json\/wp\/v2\/media?parent=306417"}],"wp:term":[{"taxonomy":"category","embeddable":true,"href":"https:\/\/www.caririemacao.com\/1\/wp-json\/wp\/v2\/categories?post=306417"},{"taxonomy":"post_tag","embeddable":true,"href":"https:\/\/www.caririemacao.com\/1\/wp-json\/wp\/v2\/tags?post=306417"}],"curies":[{"name":"wp","href":"https:\/\/api.w.org\/{rel}","templated":true}]}}