{"id":306420,"date":"2025-10-27T16:41:36","date_gmt":"2025-10-27T19:41:36","guid":{"rendered":"https:\/\/www.caririemacao.com\/1\/?p=306420"},"modified":"2025-10-27T16:41:36","modified_gmt":"2025-10-27T19:41:36","slug":"policia-militar-prende-dois-homens-por-violencia-domestica-no-cariri-paraibano","status":"publish","type":"post","link":"https:\/\/www.caririemacao.com\/1\/2025\/10\/27\/policia-militar-prende-dois-homens-por-violencia-domestica-no-cariri-paraibano\/","title":{"rendered":"Pol\u00edcia Militar prende dois homens por viol\u00eancia dom\u00e9stica no Cariri Paraibano"},"content":{"rendered":"<p>No \u00faltimo domingo, 26 de outubro, a Pol\u00edcia Militar do 11\u00ba Batalh\u00e3o realizou a pris\u00e3o de dois homens suspeitos de praticarem viol\u00eancia dom\u00e9stica, em ocorr\u00eancias distintas registradas nas cidades de Sum\u00e9 e Serra Branca, no Cariri paraibano.<\/p>\n<p>De acordo com as informa\u00e7\u00f5es repassadas pela corpora\u00e7\u00e3o, as equipes policiais foram acionadas para atender den\u00fancias de agress\u00f5es em ambiente familiar. Ap\u00f3s dilig\u00eancias, os suspeitos foram localizados e detidos.<\/p>\n<p>Os dois homens foram conduzidos \u00e0 Delegacia de Pol\u00edcia Civil, onde foram adotadas as medidas cab\u00edveis conforme a legisla\u00e7\u00e3o vigente.<\/p>\n<p>A Pol\u00edcia Militar destacou que segue atuando de forma firme e constante no enfrentamento \u00e0 viol\u00eancia dom\u00e9stica, refor\u00e7ando o compromisso de proteger as v\u00edtimas e garantir a ordem p\u00fablica em toda a regi\u00e3o do Cariri.<\/p>\n","protected":false},"excerpt":{"rendered":"<p>No \u00faltimo domingo, 26 de outubro, a Pol\u00edcia Militar do 11\u00ba Batalh\u00e3o realizou a pris\u00e3o de dois homens suspeitos de praticarem viol\u00eancia dom\u00e9stica, em ocorr\u00eancias distintas registradas nas cidades de Sum\u00e9 e Serra Branca, no Cariri paraibano. De acordo com as informa\u00e7\u00f5es repassadas pela corpora\u00e7\u00e3o, as equipes policiais foram acionadas para atender den\u00fancias de agress\u00f5es em ambiente familiar. Ap\u00f3s dilig\u00eancias, os suspeitos foram localizados e detidos. Os dois homens foram conduzidos \u00e0 Delegacia de Pol\u00edcia Civil, onde foram adotadas as medidas cab\u00edveis conforme a legisla\u00e7\u00e3o vigente. A Pol\u00edcia Militar destacou que segue atuando de forma firme e constante no enfrentamento \u00e0 viol\u00eancia dom\u00e9stica, refor\u00e7ando o compromisso de proteger as v\u00edtimas e garantir a ordem p\u00fablica em toda a regi\u00e3o do Cariri.<\/p>\n","protected":false},"author":6,"featured_media":306421,"comment_status":"closed","ping_status":"closed","sticky":false,"template":"","format":"standard","meta":{"sfsi_plus_gutenberg_text_before_share":"","sfsi_plus_gutenberg_show_text_before_share":"","sfsi_plus_gutenberg_icon_type":"","sfsi_plus_gutenberg_icon_alignemt":"","sfsi_plus_gutenburg_max_per_row":"","footnotes":""},"categories":[106,50,2,12],"tags":[],"class_list":["post-306420","post","type-post","status-publish","format-standard","has-post-thumbnail","hentry","category-cariri","category-destaque","category-geral","category-policia"],"_links":{"self":[{"href":"https:\/\/www.caririemacao.com\/1\/wp-json\/wp\/v2\/posts\/306420","targetHints":{"allow":["GET"]}}],"collection":[{"href":"https:\/\/www.caririemacao.com\/1\/wp-json\/wp\/v2\/posts"}],"about":[{"href":"https:\/\/www.caririemacao.com\/1\/wp-json\/wp\/v2\/types\/post"}],"author":[{"embeddable":true,"href":"https:\/\/www.caririemacao.com\/1\/wp-json\/wp\/v2\/users\/6"}],"replies":[{"embeddable":true,"href":"https:\/\/www.caririemacao.com\/1\/wp-json\/wp\/v2\/comments?post=306420"}],"version-history":[{"count":1,"href":"https:\/\/www.caririemacao.com\/1\/wp-json\/wp\/v2\/posts\/306420\/revisions"}],"predecessor-version":[{"id":306422,"href":"https:\/\/www.caririemacao.com\/1\/wp-json\/wp\/v2\/posts\/306420\/revisions\/306422"}],"wp:featuredmedia":[{"embeddable":true,"href":"https:\/\/www.caririemacao.com\/1\/wp-json\/wp\/v2\/media\/306421"}],"wp:attachment":[{"href":"https:\/\/www.caririemacao.com\/1\/wp-json\/wp\/v2\/media?parent=306420"}],"wp:term":[{"taxonomy":"category","embeddable":true,"href":"https:\/\/www.caririemacao.com\/1\/wp-json\/wp\/v2\/categories?post=306420"},{"taxonomy":"post_tag","embeddable":true,"href":"https:\/\/www.caririemacao.com\/1\/wp-json\/wp\/v2\/tags?post=306420"}],"curies":[{"name":"wp","href":"https:\/\/api.w.org\/{rel}","templated":true}]}}