{"id":306623,"date":"2025-11-03T10:11:31","date_gmt":"2025-11-03T13:11:31","guid":{"rendered":"https:\/\/www.caririemacao.com\/1\/?p=306623"},"modified":"2025-11-03T10:11:31","modified_gmt":"2025-11-03T13:11:31","slug":"homem-morre-apos-acidente-de-moto-na-zona-rural-de-caraubas","status":"publish","type":"post","link":"https:\/\/www.caririemacao.com\/1\/2025\/11\/03\/homem-morre-apos-acidente-de-moto-na-zona-rural-de-caraubas\/","title":{"rendered":"Homem morre ap\u00f3s acidente de moto na zona rural de Cara\u00fabas"},"content":{"rendered":"<p>Um homem identificado como Vanderlei Teot\u00f4nio Filho faleceu na madrugada deste domingo (02) em decorr\u00eancia de um acidente de moto ocorrido na zona rural de Cara\u00fabas, no Cariri paraibano.<\/p>\n<p>De acordo com informa\u00e7\u00f5es preliminares, Vanderlei retornava para casa no s\u00edtio Angiquinho, quando acabou caindo da motocicleta. As circunst\u00e2ncias do acidente ainda n\u00e3o foram esclarecidas e dever\u00e3o ser investigadas.<\/p>\n<p>A v\u00edtima chegou a ser socorrida e transferida para o Hospital de Trauma de Campina Grande, mas n\u00e3o resistiu aos ferimentos e faleceu na unidade hospitalar.<\/p>\n<p>&nbsp;<\/p>\n<p><em>Informa\u00e7\u00f5es R\u00e1dio Cidade de Sum\u00e9<\/em><\/p>\n","protected":false},"excerpt":{"rendered":"<p>Um homem identificado como Vanderlei Teot\u00f4nio Filho faleceu na madrugada deste domingo (02) em decorr\u00eancia de um acidente de moto ocorrido na zona rural de Cara\u00fabas, no Cariri paraibano. De acordo com informa\u00e7\u00f5es preliminares, Vanderlei retornava para casa no s\u00edtio Angiquinho, quando acabou caindo da motocicleta. As circunst\u00e2ncias do acidente ainda n\u00e3o foram esclarecidas e dever\u00e3o ser investigadas. A v\u00edtima chegou a ser socorrida e transferida para o Hospital de Trauma de Campina Grande, mas n\u00e3o resistiu aos ferimentos e faleceu na unidade hospitalar. &nbsp; Informa\u00e7\u00f5es R\u00e1dio Cidade de Sum\u00e9<\/p>\n","protected":false},"author":6,"featured_media":295113,"comment_status":"closed","ping_status":"closed","sticky":false,"template":"","format":"standard","meta":{"sfsi_plus_gutenberg_text_before_share":"","sfsi_plus_gutenberg_show_text_before_share":"","sfsi_plus_gutenberg_icon_type":"","sfsi_plus_gutenberg_icon_alignemt":"","sfsi_plus_gutenburg_max_per_row":"","footnotes":""},"categories":[73,50,2,12],"tags":[],"class_list":["post-306623","post","type-post","status-publish","format-standard","has-post-thumbnail","hentry","category-caraubas","category-destaque","category-geral","category-policia"],"_links":{"self":[{"href":"https:\/\/www.caririemacao.com\/1\/wp-json\/wp\/v2\/posts\/306623","targetHints":{"allow":["GET"]}}],"collection":[{"href":"https:\/\/www.caririemacao.com\/1\/wp-json\/wp\/v2\/posts"}],"about":[{"href":"https:\/\/www.caririemacao.com\/1\/wp-json\/wp\/v2\/types\/post"}],"author":[{"embeddable":true,"href":"https:\/\/www.caririemacao.com\/1\/wp-json\/wp\/v2\/users\/6"}],"replies":[{"embeddable":true,"href":"https:\/\/www.caririemacao.com\/1\/wp-json\/wp\/v2\/comments?post=306623"}],"version-history":[{"count":1,"href":"https:\/\/www.caririemacao.com\/1\/wp-json\/wp\/v2\/posts\/306623\/revisions"}],"predecessor-version":[{"id":306624,"href":"https:\/\/www.caririemacao.com\/1\/wp-json\/wp\/v2\/posts\/306623\/revisions\/306624"}],"wp:featuredmedia":[{"embeddable":true,"href":"https:\/\/www.caririemacao.com\/1\/wp-json\/wp\/v2\/media\/295113"}],"wp:attachment":[{"href":"https:\/\/www.caririemacao.com\/1\/wp-json\/wp\/v2\/media?parent=306623"}],"wp:term":[{"taxonomy":"category","embeddable":true,"href":"https:\/\/www.caririemacao.com\/1\/wp-json\/wp\/v2\/categories?post=306623"},{"taxonomy":"post_tag","embeddable":true,"href":"https:\/\/www.caririemacao.com\/1\/wp-json\/wp\/v2\/tags?post=306623"}],"curies":[{"name":"wp","href":"https:\/\/api.w.org\/{rel}","templated":true}]}}