{"id":306640,"date":"2025-11-03T14:41:04","date_gmt":"2025-11-03T17:41:04","guid":{"rendered":"https:\/\/www.caririemacao.com\/1\/?p=306640"},"modified":"2025-11-03T14:41:04","modified_gmt":"2025-11-03T17:41:04","slug":"cotado-para-vice-de-cicero-romero-afirma-que-nao-quer-ser-aguardado-para-disputa-em-2026","status":"publish","type":"post","link":"https:\/\/www.caririemacao.com\/1\/2025\/11\/03\/cotado-para-vice-de-cicero-romero-afirma-que-nao-quer-ser-aguardado-para-disputa-em-2026\/","title":{"rendered":"Cotado para vice de C\u00edcero, Romero afirma que n\u00e3o quer ser aguardado para disputa em 2026"},"content":{"rendered":"<p>O deputado federal Romero Rodrigues (Podemos) afirmou que n\u00e3o se deve contar com ele neste momento para a disputa estadual de 2026. Cotado para compor a chapa do prefeito C\u00edcero Lucena (MDB) como vice, Romero disse que n\u00e3o quer criar expectativas.<\/p>\n<p>\u201cEu disse que n\u00e3o estou mandando ningu\u00e9m me aguardar. N\u00e3o me aguardem. Estou focado no fortalecimento do meu mandato de deputado federal. Mais \u00e0 frente a gente pode discutir, sem me comprometer com quem quer que seja\u201d, declarou nesta segunda-feira (3), em entrevista \u00e0 Correio FM.<\/p>\n<p>C\u00edcero, que se filia ao MDB na pr\u00f3xima sexta-feira (7), ap\u00f3s deixar o PP em setembro, j\u00e1 declarou publicamente o desejo de ter Romero ou o ex-deputado Pedro Cunha Lima (PSD) como vice em sua chapa para o Governo do Estado em 2026.<\/p>\n","protected":false},"excerpt":{"rendered":"<p>O deputado federal Romero Rodrigues (Podemos) afirmou que n\u00e3o se deve contar com ele neste momento para a disputa estadual de 2026. Cotado para compor a chapa do prefeito C\u00edcero Lucena (MDB) como vice, Romero disse que n\u00e3o quer criar expectativas. \u201cEu disse que n\u00e3o estou mandando ningu\u00e9m me aguardar. N\u00e3o me aguardem. Estou focado no fortalecimento do meu mandato de deputado federal. Mais \u00e0 frente a gente pode discutir, sem me comprometer com quem quer que seja\u201d, declarou nesta segunda-feira (3), em entrevista \u00e0 Correio FM. C\u00edcero, que se filia ao MDB na pr\u00f3xima sexta-feira (7), ap\u00f3s deixar o PP em setembro, j\u00e1 declarou publicamente o desejo de ter Romero ou o ex-deputado Pedro Cunha Lima (PSD) como vice em sua chapa para o Governo do Estado em 2026.<\/p>\n","protected":false},"author":6,"featured_media":306641,"comment_status":"closed","ping_status":"closed","sticky":false,"template":"","format":"standard","meta":{"sfsi_plus_gutenberg_text_before_share":"","sfsi_plus_gutenberg_show_text_before_share":"","sfsi_plus_gutenberg_icon_type":"","sfsi_plus_gutenberg_icon_alignemt":"","sfsi_plus_gutenburg_max_per_row":"","footnotes":""},"categories":[50,2,104,11],"tags":[],"class_list":["post-306640","post","type-post","status-publish","format-standard","has-post-thumbnail","hentry","category-destaque","category-geral","category-paraiba","category-politica"],"_links":{"self":[{"href":"https:\/\/www.caririemacao.com\/1\/wp-json\/wp\/v2\/posts\/306640","targetHints":{"allow":["GET"]}}],"collection":[{"href":"https:\/\/www.caririemacao.com\/1\/wp-json\/wp\/v2\/posts"}],"about":[{"href":"https:\/\/www.caririemacao.com\/1\/wp-json\/wp\/v2\/types\/post"}],"author":[{"embeddable":true,"href":"https:\/\/www.caririemacao.com\/1\/wp-json\/wp\/v2\/users\/6"}],"replies":[{"embeddable":true,"href":"https:\/\/www.caririemacao.com\/1\/wp-json\/wp\/v2\/comments?post=306640"}],"version-history":[{"count":1,"href":"https:\/\/www.caririemacao.com\/1\/wp-json\/wp\/v2\/posts\/306640\/revisions"}],"predecessor-version":[{"id":306642,"href":"https:\/\/www.caririemacao.com\/1\/wp-json\/wp\/v2\/posts\/306640\/revisions\/306642"}],"wp:featuredmedia":[{"embeddable":true,"href":"https:\/\/www.caririemacao.com\/1\/wp-json\/wp\/v2\/media\/306641"}],"wp:attachment":[{"href":"https:\/\/www.caririemacao.com\/1\/wp-json\/wp\/v2\/media?parent=306640"}],"wp:term":[{"taxonomy":"category","embeddable":true,"href":"https:\/\/www.caririemacao.com\/1\/wp-json\/wp\/v2\/categories?post=306640"},{"taxonomy":"post_tag","embeddable":true,"href":"https:\/\/www.caririemacao.com\/1\/wp-json\/wp\/v2\/tags?post=306640"}],"curies":[{"name":"wp","href":"https:\/\/api.w.org\/{rel}","templated":true}]}}