{"id":307023,"date":"2025-11-13T19:47:15","date_gmt":"2025-11-13T22:47:15","guid":{"rendered":"https:\/\/www.caririemacao.com\/1\/?p=307023"},"modified":"2025-11-13T19:47:15","modified_gmt":"2025-11-13T22:47:15","slug":"policia-civil-prende-e-apreende-mae-e-filha-por-trafico-de-drogas-em-monteiro","status":"publish","type":"post","link":"https:\/\/www.caririemacao.com\/1\/2025\/11\/13\/policia-civil-prende-e-apreende-mae-e-filha-por-trafico-de-drogas-em-monteiro\/","title":{"rendered":"Pol\u00edcia Civil prende e apreende m\u00e3e e filha por tr\u00e1fico de drogas em Monteiro"},"content":{"rendered":"<p>A Pol\u00edcia Civil da Para\u00edba, atrav\u00e9s do Grupo T\u00e1tico Especial de Monteiro (GTE), com apoio da Delegacia de Pol\u00edcia Civil de Monteiro, realizou na manh\u00e3 de ontem (12\/11) uma opera\u00e7\u00e3o que resultou na pris\u00e3o em flagrante de E. L. S., 33 anos, e na apreens\u00e3o da adolescente P. L. S. S., 15 anos.<\/p>\n<p>A a\u00e7\u00e3o teve in\u00edcio ap\u00f3s den\u00fancias informando sobre tr\u00e1fico de drogas em resid\u00eancia localizada na Rua Miguel F\u00e9lix Barbosa, s\/n, Vila da Papa, em Monteiro\/PB. Durante a opera\u00e7\u00e3o, foram apreendidos 45 pedras de crack, 05 tabletes e 15 por\u00e7\u00f5es de maconha (totalizando 4,5 kg), al\u00e9m de balan\u00e7as de precis\u00e3o, celulares e dinheiro proveniente da comercializa\u00e7\u00e3o dos entorpecentes.<\/p>\n<p>Segundo informa\u00e7\u00f5es levantadas pela investiga\u00e7\u00e3o, E. L. S. mantinha as drogas armazenadas tanto em sua resid\u00eancia quanto em um im\u00f3vel alugado localizado na mesma rua. A adolescente apreendida estava envolvida diretamente nas atividades de comercializa\u00e7\u00e3o dos entorpecentes.<br \/>\nEsta a\u00e7\u00e3o demonstra o compromisso do Grupo T\u00e1tico Especial de Monteiro e da Pol\u00edcia Civil da Para\u00edba no combate ao tr\u00e1fico de drogas e \u00e0 explora\u00e7\u00e3o de menores. A pris\u00e3o de E. L. S. e a apreens\u00e3o da adolescente interrompem uma cadeia criminosa que atuava na cidade de Monteiro. As investiga\u00e7\u00f5es ter\u00e3o prosseguimento para desarticular completamente essa rede de tr\u00e1fico.<\/p>\n<p>As investigadas foram conduzidas \u00e0 14\u00aa Delegacia Seccional de Pol\u00edcia Civil, onde permanecem \u00e0 disposi\u00e7\u00e3o da Justi\u00e7a aguardando audi\u00eancia de cust\u00f3dia.<br \/>\nA Pol\u00edcia Civil da Para\u00edba reafirma seu compromisso constitucional de servir e proteger a sociedade, atuando com rigor t\u00e9cnico, profissionalismo e estrita observ\u00e2ncia da lei para assegurar que crimes graves sejam devidamente apurados e seus autores responsabilizados.<\/p>\n<p>A institui\u00e7\u00e3o refor\u00e7a que a colabora\u00e7\u00e3o da popula\u00e7\u00e3o \u00e9 essencial para o \u00eaxito das investiga\u00e7\u00f5es. Den\u00fancias an\u00f4nimas podem ser feitas pelo Disque 197 ou pelo telefone do GTE:\u00a0<a href=\"tel:(83) 99650-5809\">(83) 99650-5809<\/a>, com garantia absoluta de sigilo.<\/p>\n","protected":false},"excerpt":{"rendered":"<p>A Pol\u00edcia Civil da Para\u00edba, atrav\u00e9s do Grupo T\u00e1tico Especial de Monteiro (GTE), com apoio da Delegacia de Pol\u00edcia Civil de Monteiro, realizou na manh\u00e3 de ontem (12\/11) uma opera\u00e7\u00e3o que resultou na pris\u00e3o em flagrante de E. L. S., 33 anos, e na apreens\u00e3o da adolescente P. L. S. S., 15 anos. A a\u00e7\u00e3o teve in\u00edcio ap\u00f3s den\u00fancias informando sobre tr\u00e1fico de drogas em resid\u00eancia localizada na Rua Miguel F\u00e9lix Barbosa, s\/n, Vila da Papa, em Monteiro\/PB. Durante a opera\u00e7\u00e3o, foram apreendidos 45 pedras de crack, 05 tabletes e 15 por\u00e7\u00f5es de maconha (totalizando 4,5 kg), al\u00e9m de balan\u00e7as de precis\u00e3o, celulares e dinheiro proveniente da comercializa\u00e7\u00e3o dos entorpecentes. Segundo informa\u00e7\u00f5es levantadas pela investiga\u00e7\u00e3o, E. L. S. mantinha as drogas armazenadas tanto em sua resid\u00eancia quanto em um im\u00f3vel alugado localizado na mesma rua. A adolescente apreendida estava envolvida diretamente nas atividades de comercializa\u00e7\u00e3o dos entorpecentes. Esta a\u00e7\u00e3o demonstra o compromisso do Grupo T\u00e1tico Especial de Monteiro e da Pol\u00edcia Civil da Para\u00edba no combate ao tr\u00e1fico de drogas e \u00e0 explora\u00e7\u00e3o de menores. A pris\u00e3o de E. L. S. e a apreens\u00e3o da adolescente interrompem uma cadeia criminosa que atuava na cidade de Monteiro. As investiga\u00e7\u00f5es ter\u00e3o prosseguimento para desarticular completamente essa rede de tr\u00e1fico. As investigadas foram conduzidas \u00e0 14\u00aa Delegacia Seccional de Pol\u00edcia Civil, onde permanecem \u00e0 disposi\u00e7\u00e3o da Justi\u00e7a aguardando audi\u00eancia de cust\u00f3dia. A Pol\u00edcia Civil da Para\u00edba reafirma seu compromisso constitucional de servir e proteger a sociedade, atuando com rigor t\u00e9cnico, profissionalismo e estrita observ\u00e2ncia da lei para assegurar que crimes graves sejam devidamente apurados e seus autores responsabilizados. A institui\u00e7\u00e3o refor\u00e7a que a colabora\u00e7\u00e3o da popula\u00e7\u00e3o \u00e9 essencial para o \u00eaxito das investiga\u00e7\u00f5es. Den\u00fancias an\u00f4nimas podem ser feitas pelo Disque 197 ou pelo telefone do GTE:\u00a0(83) 99650-5809, com garantia absoluta de sigilo.<\/p>\n","protected":false},"author":6,"featured_media":307024,"comment_status":"closed","ping_status":"closed","sticky":false,"template":"","format":"standard","meta":{"sfsi_plus_gutenberg_text_before_share":"","sfsi_plus_gutenberg_show_text_before_share":"","sfsi_plus_gutenberg_icon_type":"","sfsi_plus_gutenberg_icon_alignemt":"","sfsi_plus_gutenburg_max_per_row":"","footnotes":""},"categories":[106,50,2],"tags":[],"class_list":["post-307023","post","type-post","status-publish","format-standard","has-post-thumbnail","hentry","category-cariri","category-destaque","category-geral"],"_links":{"self":[{"href":"https:\/\/www.caririemacao.com\/1\/wp-json\/wp\/v2\/posts\/307023","targetHints":{"allow":["GET"]}}],"collection":[{"href":"https:\/\/www.caririemacao.com\/1\/wp-json\/wp\/v2\/posts"}],"about":[{"href":"https:\/\/www.caririemacao.com\/1\/wp-json\/wp\/v2\/types\/post"}],"author":[{"embeddable":true,"href":"https:\/\/www.caririemacao.com\/1\/wp-json\/wp\/v2\/users\/6"}],"replies":[{"embeddable":true,"href":"https:\/\/www.caririemacao.com\/1\/wp-json\/wp\/v2\/comments?post=307023"}],"version-history":[{"count":1,"href":"https:\/\/www.caririemacao.com\/1\/wp-json\/wp\/v2\/posts\/307023\/revisions"}],"predecessor-version":[{"id":307025,"href":"https:\/\/www.caririemacao.com\/1\/wp-json\/wp\/v2\/posts\/307023\/revisions\/307025"}],"wp:featuredmedia":[{"embeddable":true,"href":"https:\/\/www.caririemacao.com\/1\/wp-json\/wp\/v2\/media\/307024"}],"wp:attachment":[{"href":"https:\/\/www.caririemacao.com\/1\/wp-json\/wp\/v2\/media?parent=307023"}],"wp:term":[{"taxonomy":"category","embeddable":true,"href":"https:\/\/www.caririemacao.com\/1\/wp-json\/wp\/v2\/categories?post=307023"},{"taxonomy":"post_tag","embeddable":true,"href":"https:\/\/www.caririemacao.com\/1\/wp-json\/wp\/v2\/tags?post=307023"}],"curies":[{"name":"wp","href":"https:\/\/api.w.org\/{rel}","templated":true}]}}