{"id":307029,"date":"2025-11-14T09:06:23","date_gmt":"2025-11-14T12:06:23","guid":{"rendered":"https:\/\/www.caririemacao.com\/1\/?p=307029"},"modified":"2025-11-14T09:06:23","modified_gmt":"2025-11-14T12:06:23","slug":"policia-civil-de-monteiro-prende-suspeito-de-furto-qualificado-pela-segunda-vez-em-quatro-dias","status":"publish","type":"post","link":"https:\/\/www.caririemacao.com\/1\/2025\/11\/14\/policia-civil-de-monteiro-prende-suspeito-de-furto-qualificado-pela-segunda-vez-em-quatro-dias\/","title":{"rendered":"Pol\u00edcia Civil de Monteiro prende suspeito de furto qualificado pela segunda vez em quatro dias"},"content":{"rendered":"<p>A equipe de investiga\u00e7\u00e3o da 14\u00aa Delegacia Seccional da Pol\u00edcia Civil de Monteiro prendeu, na noite desta quinta-feira (13), um homem de 25 anos, identificado pelas iniciais M.E.S., suspeito de cometer\u00a0furto qualificado\u00a0em uma resid\u00eancia localizada nas proximidades da fazenda Embrapa.<\/p>\n<p>De acordo com a Pol\u00edcia Civil, o acusado teria\u00a0arrombado a porta da casa\u00a0e levado aproximadamente\u00a0R$ 400 em esp\u00e9cie, al\u00e9m de diversos\u00a0pertences pessoais\u00a0da v\u00edtima. A a\u00e7\u00e3o r\u00e1pida dos agentes permitiu localizar e deter o suspeito ainda em flagrante.<\/p>\n<p>Essa \u00e9 a\u00a0segunda pris\u00e3o de M.E.S. em apenas quatro dias. No \u00faltimo domingo (9), ele j\u00e1 havia sido detido pelo mesmo tipo de crime. Segundo informa\u00e7\u00f5es da investiga\u00e7\u00e3o, o homem \u00e9\u00a0conhecido da popula\u00e7\u00e3o\u00a0por envolvimento recorrente em furtos na cidade e possui\u00a0outros inqu\u00e9ritos em andamento.<\/p>\n<p>Ap\u00f3s a nova pris\u00e3o, o suspeito foi encaminhado para a unidade policial, onde permanece\u00a0aguardando audi\u00eancia de cust\u00f3dia, ficando \u00e0 disposi\u00e7\u00e3o da Justi\u00e7a.<\/p>\n<p>A Pol\u00edcia Civil destacou que a a\u00e7\u00e3o reafirma o compromisso da institui\u00e7\u00e3o com a seguran\u00e7a da popula\u00e7\u00e3o paraibana e com o combate \u00e0 criminalidade na regi\u00e3o.<\/p>\n","protected":false},"excerpt":{"rendered":"<p>A equipe de investiga\u00e7\u00e3o da 14\u00aa Delegacia Seccional da Pol\u00edcia Civil de Monteiro prendeu, na noite desta quinta-feira (13), um homem de 25 anos, identificado pelas iniciais M.E.S., suspeito de cometer\u00a0furto qualificado\u00a0em uma resid\u00eancia localizada nas proximidades da fazenda Embrapa. De acordo com a Pol\u00edcia Civil, o acusado teria\u00a0arrombado a porta da casa\u00a0e levado aproximadamente\u00a0R$ 400 em esp\u00e9cie, al\u00e9m de diversos\u00a0pertences pessoais\u00a0da v\u00edtima. A a\u00e7\u00e3o r\u00e1pida dos agentes permitiu localizar e deter o suspeito ainda em flagrante. Essa \u00e9 a\u00a0segunda pris\u00e3o de M.E.S. em apenas quatro dias. No \u00faltimo domingo (9), ele j\u00e1 havia sido detido pelo mesmo tipo de crime. Segundo informa\u00e7\u00f5es da investiga\u00e7\u00e3o, o homem \u00e9\u00a0conhecido da popula\u00e7\u00e3o\u00a0por envolvimento recorrente em furtos na cidade e possui\u00a0outros inqu\u00e9ritos em andamento. Ap\u00f3s a nova pris\u00e3o, o suspeito foi encaminhado para a unidade policial, onde permanece\u00a0aguardando audi\u00eancia de cust\u00f3dia, ficando \u00e0 disposi\u00e7\u00e3o da Justi\u00e7a. A Pol\u00edcia Civil destacou que a a\u00e7\u00e3o reafirma o compromisso da institui\u00e7\u00e3o com a seguran\u00e7a da popula\u00e7\u00e3o paraibana e com o combate \u00e0 criminalidade na regi\u00e3o.<\/p>\n","protected":false},"author":6,"featured_media":307031,"comment_status":"closed","ping_status":"closed","sticky":false,"template":"","format":"standard","meta":{"sfsi_plus_gutenberg_text_before_share":"","sfsi_plus_gutenberg_show_text_before_share":"","sfsi_plus_gutenberg_icon_type":"","sfsi_plus_gutenberg_icon_alignemt":"","sfsi_plus_gutenburg_max_per_row":"","footnotes":""},"categories":[50,2,81,12],"tags":[],"class_list":["post-307029","post","type-post","status-publish","format-standard","has-post-thumbnail","hentry","category-destaque","category-geral","category-monteiro","category-policia"],"_links":{"self":[{"href":"https:\/\/www.caririemacao.com\/1\/wp-json\/wp\/v2\/posts\/307029","targetHints":{"allow":["GET"]}}],"collection":[{"href":"https:\/\/www.caririemacao.com\/1\/wp-json\/wp\/v2\/posts"}],"about":[{"href":"https:\/\/www.caririemacao.com\/1\/wp-json\/wp\/v2\/types\/post"}],"author":[{"embeddable":true,"href":"https:\/\/www.caririemacao.com\/1\/wp-json\/wp\/v2\/users\/6"}],"replies":[{"embeddable":true,"href":"https:\/\/www.caririemacao.com\/1\/wp-json\/wp\/v2\/comments?post=307029"}],"version-history":[{"count":1,"href":"https:\/\/www.caririemacao.com\/1\/wp-json\/wp\/v2\/posts\/307029\/revisions"}],"predecessor-version":[{"id":307032,"href":"https:\/\/www.caririemacao.com\/1\/wp-json\/wp\/v2\/posts\/307029\/revisions\/307032"}],"wp:featuredmedia":[{"embeddable":true,"href":"https:\/\/www.caririemacao.com\/1\/wp-json\/wp\/v2\/media\/307031"}],"wp:attachment":[{"href":"https:\/\/www.caririemacao.com\/1\/wp-json\/wp\/v2\/media?parent=307029"}],"wp:term":[{"taxonomy":"category","embeddable":true,"href":"https:\/\/www.caririemacao.com\/1\/wp-json\/wp\/v2\/categories?post=307029"},{"taxonomy":"post_tag","embeddable":true,"href":"https:\/\/www.caririemacao.com\/1\/wp-json\/wp\/v2\/tags?post=307029"}],"curies":[{"name":"wp","href":"https:\/\/api.w.org\/{rel}","templated":true}]}}