{"id":307150,"date":"2025-11-18T17:15:59","date_gmt":"2025-11-18T20:15:59","guid":{"rendered":"https:\/\/www.caririemacao.com\/1\/?p=307150"},"modified":"2025-11-18T17:15:59","modified_gmt":"2025-11-18T20:15:59","slug":"prefeito-genival-queiroz-acompanha-obra-que-eleva-sangria-do-acude-serrota-e-reforca-seguranca-hidrica-de-parari","status":"publish","type":"post","link":"https:\/\/www.caririemacao.com\/1\/2025\/11\/18\/prefeito-genival-queiroz-acompanha-obra-que-eleva-sangria-do-acude-serrota-e-reforca-seguranca-hidrica-de-parari\/","title":{"rendered":"Prefeito Genival Queiroz acompanha obra que eleva sangria do A\u00e7ude Serrota e refor\u00e7a seguran\u00e7a h\u00eddrica de Parari"},"content":{"rendered":"<p data-start=\"247\" data-end=\"566\">A Prefeitura de Parari deu in\u00edcio a uma obra estrat\u00e9gica para fortalecer a seguran\u00e7a h\u00eddrica do munic\u00edpio: a eleva\u00e7\u00e3o da altura da sangria do A\u00e7ude Serrota, reservat\u00f3rio fundamental para o abastecimento local. A interven\u00e7\u00e3o foi acompanhada de perto pelo prefeito Genival Queiroz na manh\u00e3 desta ter\u00e7a-feira (18).<\/p>\n<p data-start=\"568\" data-end=\"913\">O servi\u00e7o tem como objetivo ampliar a capacidade de armazenamento do a\u00e7ude, permitindo que, no pr\u00f3ximo per\u00edodo de chuvas, o reservat\u00f3rio possa reter um volume ainda maior de \u00e1gua. A medida \u00e9 considerada essencial para preparar o munic\u00edpio diante das oscila\u00e7\u00f5es clim\u00e1ticas e garantir reservas suficientes para atender a popula\u00e7\u00e3o ao longo do ano.<\/p>\n<p data-start=\"915\" data-end=\"998\">O prefeito Genival ressaltou a import\u00e2ncia da a\u00e7\u00e3o para o futuro h\u00eddrico de Parari:<\/p>\n<p data-start=\"1000\" data-end=\"1291\">\u201cEstamos trabalhando de forma antecipada e respons\u00e1vel para que Parari esteja cada vez mais preparada. Cada obra dessa representa mais seguran\u00e7a, mais \u00e1gua armazenada e mais tranquilidade para o nosso povo. Aproveitar bem as chuvas \u00e9 fundamental para enfrentar a estiagem com dignidade.\u201d<\/p>\n<p data-start=\"1293\" data-end=\"1624\">A melhoria no sistema de sangria do A\u00e7ude Serrota integra um conjunto de iniciativas estruturantes que a gest\u00e3o vem executando para fortalecer a infraestrutura h\u00eddrica municipal. Al\u00e9m de ampliar o armazenamento de \u00e1gua, a obra tamb\u00e9m contribui para o desenvolvimento sustent\u00e1vel e para a qualidade de vida das fam\u00edlias pararienses.<\/p>\n<p data-start=\"1626\" data-end=\"1695\">Durante a vistoria, Genival reafirmou o compromisso da administra\u00e7\u00e3o: \u201cSeguimos firmes, cuidando das necessidades de hoje e pensando no futuro. Parari est\u00e1 avan\u00e7ando com trabalho, planejamento e responsabilidade.\u201d<\/p>\n<p data-start=\"1846\" data-end=\"1981\">As pr\u00f3ximas etapas da obra ser\u00e3o executadas ao longo das pr\u00f3ximas semanas, com acompanhamento direto das equipes t\u00e9cnicas respons\u00e1veis.<\/p>\n","protected":false},"excerpt":{"rendered":"<p>A Prefeitura de Parari deu in\u00edcio a uma obra estrat\u00e9gica para fortalecer a seguran\u00e7a h\u00eddrica do munic\u00edpio: a eleva\u00e7\u00e3o da altura da sangria do A\u00e7ude&hellip; <\/p>\n","protected":false},"author":6,"featured_media":307151,"comment_status":"closed","ping_status":"closed","sticky":false,"template":"","format":"standard","meta":{"sfsi_plus_gutenberg_text_before_share":"","sfsi_plus_gutenberg_show_text_before_share":"","sfsi_plus_gutenberg_icon_type":"","sfsi_plus_gutenberg_icon_alignemt":"","sfsi_plus_gutenburg_max_per_row":"","footnotes":""},"categories":[50,2,83],"tags":[],"class_list":["post-307150","post","type-post","status-publish","format-standard","has-post-thumbnail","hentry","category-destaque","category-geral","category-parari"],"_links":{"self":[{"href":"https:\/\/www.caririemacao.com\/1\/wp-json\/wp\/v2\/posts\/307150","targetHints":{"allow":["GET"]}}],"collection":[{"href":"https:\/\/www.caririemacao.com\/1\/wp-json\/wp\/v2\/posts"}],"about":[{"href":"https:\/\/www.caririemacao.com\/1\/wp-json\/wp\/v2\/types\/post"}],"author":[{"embeddable":true,"href":"https:\/\/www.caririemacao.com\/1\/wp-json\/wp\/v2\/users\/6"}],"replies":[{"embeddable":true,"href":"https:\/\/www.caririemacao.com\/1\/wp-json\/wp\/v2\/comments?post=307150"}],"version-history":[{"count":1,"href":"https:\/\/www.caririemacao.com\/1\/wp-json\/wp\/v2\/posts\/307150\/revisions"}],"predecessor-version":[{"id":307152,"href":"https:\/\/www.caririemacao.com\/1\/wp-json\/wp\/v2\/posts\/307150\/revisions\/307152"}],"wp:featuredmedia":[{"embeddable":true,"href":"https:\/\/www.caririemacao.com\/1\/wp-json\/wp\/v2\/media\/307151"}],"wp:attachment":[{"href":"https:\/\/www.caririemacao.com\/1\/wp-json\/wp\/v2\/media?parent=307150"}],"wp:term":[{"taxonomy":"category","embeddable":true,"href":"https:\/\/www.caririemacao.com\/1\/wp-json\/wp\/v2\/categories?post=307150"},{"taxonomy":"post_tag","embeddable":true,"href":"https:\/\/www.caririemacao.com\/1\/wp-json\/wp\/v2\/tags?post=307150"}],"curies":[{"name":"wp","href":"https:\/\/api.w.org\/{rel}","templated":true}]}}