{"id":30719,"date":"2017-10-16T10:35:29","date_gmt":"2017-10-16T13:35:29","guid":{"rendered":"http:\/\/caririemacao.com\/1\/?p=30719"},"modified":"2017-10-16T10:35:29","modified_gmt":"2017-10-16T13:35:29","slug":"brasileirao-corinthians-perde-lanternas-nao-avancam-e-esquentam-briga-contra-degola","status":"publish","type":"post","link":"https:\/\/www.caririemacao.com\/1\/2017\/10\/16\/brasileirao-corinthians-perde-lanternas-nao-avancam-e-esquentam-briga-contra-degola\/","title":{"rendered":"BRASILEIR\u00c3O: Corinthians perde, lanternas n\u00e3o avan\u00e7am e esquentam briga contra degola"},"content":{"rendered":"<p>Se a luta pelo t\u00edtulo n\u00e3o chama mais a aten\u00e7\u00e3o, porque o Corinthians s\u00f3 conta a rodada para festejar o t\u00edtulo, a briga contra o rebaixamento continua pegando fogo. Neste domingo foram realizados seis jogos e os times que tentam fugir das \u00faltimas n\u00e3o se derem bem nesta 28.\u00aa rodada do\u00a0Campeonato Brasileiro.<\/p>\n<p>Como era esperado, a Ponte Preta caiu pela segunda vez na zona de degola, uma vez que houve o confronto direto entre Fluminense e Ava\u00ed. A Macaca j\u00e1 tinha perdido para o Cruzeiro, por 2 a 1, em jogo antecipado. O l\u00edder Corinthians perdeu para o Bahia, por 2 a 0.<\/p>\n<p><strong>CATARINENSES EM PERIGO<\/strong><br \/>\nA Chapecoense perdeu em casa para o Flamengo, por 1 a 0, mesmo placar que o Ava\u00ed caiu diante d Fluminense, no Maracan\u00e3. Os times catarinenses est\u00e3o em maus len\u00e7ois.<\/p>\n<p>A Chape \u00e9 16.\u00aa colocado com 32 pontos, s\u00f3 ficando na frente da Ponte Preta, que agora abre a zona de degola pelo n\u00famero de vit\u00f3rias: 9 a 8. O Ava\u00ed, h\u00e1 cinco jogos sem vencer \u2013 dois empates e tr\u00eas derrota seguidas \u2013 estacionou nos 30 pontos, em18.\u00ba lugar.<\/p>\n<p>Os cariocas est\u00e3o em alta. O Flamengo com 43 pontos, em s\u00e9timo, enquanto o Fluminense, com 35 pontos, em 12.\u00ba lugar.<\/p>\n<p><strong>LANTERNA PERDE OUTRA<\/strong><br \/>\nO Atl\u00e9tico-GO perdeu outra vez em casa. Mesmo com Alberto Valentim como t\u00e9cnico interino o Palmeiras venceu o Drag\u00e3o, por 3 a 1. O Verd\u00e3o, menos pesado com a sa\u00edda de Cuca, jogou solto e atingiu os 47 pontos, em quarto lugar e podendo brigar pelo vice-t\u00edtulo.<\/p>\n<p>Azar mesmo do Drag\u00e3o Goiano com 26 pontos, em \u00faltimo lugar. O time cresceu muito de produ\u00e7\u00e3o no returno, mas ficou para tr\u00e1s no in\u00edcio da competi\u00e7\u00e3o.<\/p>\n<p>Na Ilha do Recife, o Sport respirou ao empate por 1 a 1 com o Atl\u00e9tico-MG. O Le\u00e3o da Ilha tem 34 pontos, em 14.\u00ba lugar. O Galo soma 38 pontos, em nono.<\/p>\n<p><strong>COXA EMPACA<\/strong><br \/>\nOutro time que n\u00e3o reage \u00e9 Coritiba. Mesmo atuando em casa perdeu para o Gr\u00eamio, por 1 a 0. O Coxa tem 28 pontos, em pen\u00faltimo lugar. Al\u00e9m disso, tem um time ruim, elenco limitado e n\u00e3o mostra perspectiva de melhora. Al\u00e9m disso, nos \u00faltimos anos j\u00e1 namorou o rebaixamento. Parece estar merecendo voltar para a S\u00e9rie B para se reorganizar.<\/p>\n<p>O Gr\u00eamio s\u00f3 pensa agora nas semifinais da Copa Libertadores. Mesmo assim, est\u00e1 entre os primeiros colocados, com 49 pontos, dorme na vice-lideran\u00e7a.<\/p>\n<p><strong>BAHIA DERRUBA L\u00cdDER<\/strong><br \/>\nMostrando muita garra, acima de tudo, o Bahia venceu o Corinthians por 1 a 0 na Fonte Nova. Um importante resultado, conquistado tamb\u00e9m com o \u00e2nimo conquistado no empate com o Palmeiras, por 2 a 2, no meio de semana, no Pacaembu.<\/p>\n<p>A vit\u00f3ria deixou o Bahia com 35 pontos, em 10.\u00ba lugar, ganhou bom f\u00f4lego na luta para se distanciar da zona de degola. O Corinthians est\u00e1 de boa, aproveitando a gordura acumulada no primeiro turno. Continua com 58 pontos, nove na frente do vice-l\u00edder Gr\u00eamio.<\/p>\n<p><strong>PEIXE PODE VIRAR VICE-L\u00cdDER<\/strong><\/p>\n<p>Mas pode ver esta diferen\u00e7a diminuir pelo Santos, em terceiro, com 48 pontos. O Peixe ainda pode diminuir esta vantagem para sete pontos, desde que ven\u00e7a o Vit\u00f3ria, na Vila Belmiro, nesta segunda-feira \u00e0 noite, no fechamento da rodada.<\/p>\n<p>&nbsp;<\/p>\n<p><strong>Por Ag\u00eancia Futebol Interior\u00a0<\/strong><\/p>\n","protected":false},"excerpt":{"rendered":"<p>Se a luta pelo t\u00edtulo n\u00e3o chama mais a aten\u00e7\u00e3o, porque o Corinthians s\u00f3 conta a rodada para festejar o t\u00edtulo, a briga contra o&hellip; <\/p>\n","protected":false},"author":2,"featured_media":30720,"comment_status":"closed","ping_status":"closed","sticky":false,"template":"","format":"standard","meta":{"sfsi_plus_gutenberg_text_before_share":"","sfsi_plus_gutenberg_show_text_before_share":"","sfsi_plus_gutenberg_icon_type":"","sfsi_plus_gutenberg_icon_alignemt":"","sfsi_plus_gutenburg_max_per_row":"","footnotes":""},"categories":[13],"tags":[],"class_list":["post-30719","post","type-post","status-publish","format-standard","has-post-thumbnail","hentry","category-esportes"],"_links":{"self":[{"href":"https:\/\/www.caririemacao.com\/1\/wp-json\/wp\/v2\/posts\/30719","targetHints":{"allow":["GET"]}}],"collection":[{"href":"https:\/\/www.caririemacao.com\/1\/wp-json\/wp\/v2\/posts"}],"about":[{"href":"https:\/\/www.caririemacao.com\/1\/wp-json\/wp\/v2\/types\/post"}],"author":[{"embeddable":true,"href":"https:\/\/www.caririemacao.com\/1\/wp-json\/wp\/v2\/users\/2"}],"replies":[{"embeddable":true,"href":"https:\/\/www.caririemacao.com\/1\/wp-json\/wp\/v2\/comments?post=30719"}],"version-history":[{"count":0,"href":"https:\/\/www.caririemacao.com\/1\/wp-json\/wp\/v2\/posts\/30719\/revisions"}],"wp:featuredmedia":[{"embeddable":true,"href":"https:\/\/www.caririemacao.com\/1\/wp-json\/wp\/v2\/media\/30720"}],"wp:attachment":[{"href":"https:\/\/www.caririemacao.com\/1\/wp-json\/wp\/v2\/media?parent=30719"}],"wp:term":[{"taxonomy":"category","embeddable":true,"href":"https:\/\/www.caririemacao.com\/1\/wp-json\/wp\/v2\/categories?post=30719"},{"taxonomy":"post_tag","embeddable":true,"href":"https:\/\/www.caririemacao.com\/1\/wp-json\/wp\/v2\/tags?post=30719"}],"curies":[{"name":"wp","href":"https:\/\/api.w.org\/{rel}","templated":true}]}}