{"id":30722,"date":"2017-10-16T10:45:08","date_gmt":"2017-10-16T13:45:08","guid":{"rendered":"http:\/\/caririemacao.com\/1\/?p=30722"},"modified":"2017-10-16T10:45:08","modified_gmt":"2017-10-16T13:45:08","slug":"cassio-e-lira-defendem-votacao-aberta-em-sessao-que-pode-confirmar-afastamento-de-aecio-do-senado","status":"publish","type":"post","link":"https:\/\/www.caririemacao.com\/1\/2017\/10\/16\/cassio-e-lira-defendem-votacao-aberta-em-sessao-que-pode-confirmar-afastamento-de-aecio-do-senado\/","title":{"rendered":"C\u00e1ssio e Lira defendem vota\u00e7\u00e3o aberta em sess\u00e3o que pode confirmar afastamento de A\u00e9cio do Senado"},"content":{"rendered":"<p>Os senadores C\u00e1ssio Cunha Lima (PSDB) e Raimundo Lira (PMDB) defenderam a vota\u00e7\u00e3o aberta na sess\u00e3o desta ter\u00e7a-feira (17) que pode confirmar o afastamento do senador A\u00e9cio Neves (PSDB-MG) de seu mandato. O mineiro est\u00e1 sem atividade parlamentar desde 26 de setembro, por decis\u00e3o da 1\u00aa Turma do Supremo Tribunal Federal (STF). O juiz federal Marcio de Freitas, do Distrito Federal, proibiu que a vota\u00e7\u00e3o seja secreta. Caso a liminar seja derrubada, caber\u00e1 ao presidente da Casa, Eun\u00edcio Oliveira (PMDB-CE), decidir como encaminhar\u00e1 a vota\u00e7\u00e3o.<\/p>\n<p>L\u00edder do PMDB, Lira afirmou ser pessoalmente favor\u00e1vel a vota\u00e7\u00e3o aberta. Ele comanda a maior bancada da Casa, com 23 do total de 81 senadores. No feriado, o presidente Michel Temer o convidou para um jantar, mas o parlamentar paraibano afirmou n\u00e3o ter conversado sobre o assunto. Caso o sigilo da vota\u00e7\u00e3o volte a ser permitido, a expectativa \u00e9 que Eun\u00edcio consulte l\u00edderes partid\u00e1rios para determinar o modelo de vota\u00e7\u00e3o.<\/p>\n<p>O senador C\u00e1ssio Cunha Lima afirmou que \u00e9 a favor do voto aberto. \u201cJ\u00e1 temos o hist\u00f3rico de Delc\u00eddio (do Amaral)\u201d, disse. Na \u00e9poca do afastamento do senador ex-petista o pr\u00f3prio PSDB defendeu o voto aberto. Ent\u00e3o l\u00edder tucano, C\u00e1ssio fez uma quest\u00e3o de ordem pedindo que os senadores registrassem seus votos sobre a manuten\u00e7\u00e3o ou derrubada da pris\u00e3o de Delc\u00eddio. \u201cEssa \u00e9 a quest\u00e3o de ordem que n\u00e3o apenas o PSDB, mas tamb\u00e9m outros partidos de oposi\u00e7\u00e3o realizam (\u2026) \u2013e como \u00e9 o desejo da sociedade, do povo, da imprensa livre do nosso Pa\u00eds, o voto aberto na presente sess\u00e3o.\u201d<\/p>\n<p>Na ocasi\u00e3o, A\u00e9cio registrou o desejo pela vota\u00e7\u00e3o aberta e Delc\u00eddio acabou afastado por 59 votos a favor, 13 contra e uma absten\u00e7\u00e3o. Mas o senador tucano ainda pode retornar ao cargo caso a maioria dos senadores opte pela derrubada da decis\u00e3o do Supremo. Atualmente ele precisa cumprir recolhimento noturno, est\u00e1 impedido de sair do pa\u00eds e n\u00e3o pode se comunicar com sua irm\u00e3, Andrea Neves, tamb\u00e9m investigada no FriboiGate.<\/p>\n<p><strong>CARIRI EM A\u00c7\u00c3O<\/strong><\/p>\n<p><em>Com Poder 360 \/Foto: Reprodu\u00e7\u00e3o Google\u00a0\u00a0<\/em><\/p>\n<p><strong>Leia mais not\u00edcias em\u00a0<\/strong><a href=\"http:\/\/www.caririemacao.com\/\"><strong>caririemacao.com<\/strong><\/a><strong>, siga nossa p\u00e1gina no\u00a0<\/strong><a href=\"https:\/\/www.facebook.com\/CaririEmAcao\/?ref=aymt_homepage_panel\"><strong>Facebook<\/strong><\/a>,<strong>\u00a0<\/strong><a href=\"https:\/\/www.instagram.com\/cariri_em_acao\/?hl=pt-br\"><strong>Instagram<\/strong><\/a><strong>\u00a0e\u00a0<\/strong><a href=\"https:\/\/www.youtube.com\/channel\/UCAptA0jQuYQy8vMhLt2m4qg\"><strong>Youtube<\/strong><\/a><strong>\u00a0e veja nossas mat\u00e9rias, v\u00eddeos e fotos. Voc\u00ea tamb\u00e9m pode enviar informa\u00e7\u00f5es \u00e0 Reda\u00e7\u00e3o do Portal Cariri em A\u00e7\u00e3o pelo WhatsApp (83) 9 9634.5791, (83) 9 9601-1162.<\/strong><\/p>\n","protected":false},"excerpt":{"rendered":"<p>Os senadores C\u00e1ssio Cunha Lima (PSDB) e Raimundo Lira (PMDB) defenderam a vota\u00e7\u00e3o aberta na sess\u00e3o desta ter\u00e7a-feira (17) que pode confirmar o afastamento do&hellip; <\/p>\n","protected":false},"author":2,"featured_media":30724,"comment_status":"closed","ping_status":"closed","sticky":false,"template":"","format":"standard","meta":{"sfsi_plus_gutenberg_text_before_share":"","sfsi_plus_gutenberg_show_text_before_share":"","sfsi_plus_gutenberg_icon_type":"","sfsi_plus_gutenberg_icon_alignemt":"","sfsi_plus_gutenburg_max_per_row":"","footnotes":""},"categories":[11],"tags":[],"class_list":["post-30722","post","type-post","status-publish","format-standard","has-post-thumbnail","hentry","category-politica"],"_links":{"self":[{"href":"https:\/\/www.caririemacao.com\/1\/wp-json\/wp\/v2\/posts\/30722","targetHints":{"allow":["GET"]}}],"collection":[{"href":"https:\/\/www.caririemacao.com\/1\/wp-json\/wp\/v2\/posts"}],"about":[{"href":"https:\/\/www.caririemacao.com\/1\/wp-json\/wp\/v2\/types\/post"}],"author":[{"embeddable":true,"href":"https:\/\/www.caririemacao.com\/1\/wp-json\/wp\/v2\/users\/2"}],"replies":[{"embeddable":true,"href":"https:\/\/www.caririemacao.com\/1\/wp-json\/wp\/v2\/comments?post=30722"}],"version-history":[{"count":0,"href":"https:\/\/www.caririemacao.com\/1\/wp-json\/wp\/v2\/posts\/30722\/revisions"}],"wp:featuredmedia":[{"embeddable":true,"href":"https:\/\/www.caririemacao.com\/1\/wp-json\/wp\/v2\/media\/30724"}],"wp:attachment":[{"href":"https:\/\/www.caririemacao.com\/1\/wp-json\/wp\/v2\/media?parent=30722"}],"wp:term":[{"taxonomy":"category","embeddable":true,"href":"https:\/\/www.caririemacao.com\/1\/wp-json\/wp\/v2\/categories?post=30722"},{"taxonomy":"post_tag","embeddable":true,"href":"https:\/\/www.caririemacao.com\/1\/wp-json\/wp\/v2\/tags?post=30722"}],"curies":[{"name":"wp","href":"https:\/\/api.w.org\/{rel}","templated":true}]}}