{"id":307262,"date":"2025-11-21T22:35:45","date_gmt":"2025-11-22T01:35:45","guid":{"rendered":"https:\/\/www.caririemacao.com\/1\/?p=307262"},"modified":"2025-11-21T22:35:45","modified_gmt":"2025-11-22T01:35:45","slug":"durante-a-1a-edicao-da-farra-da-cabra-prefeito-de-parari-apresenta-demanda-ao-deputado-wellington-roberto","status":"publish","type":"post","link":"https:\/\/www.caririemacao.com\/1\/2025\/11\/21\/durante-a-1a-edicao-da-farra-da-cabra-prefeito-de-parari-apresenta-demanda-ao-deputado-wellington-roberto\/","title":{"rendered":"Durante a 1\u00aa edi\u00e7\u00e3o da Farra da Cabra, prefeito de Parari apresenta demanda ao deputado Wellington Roberto"},"content":{"rendered":"<p data-start=\"266\" data-end=\"526\">Durante a 1\u00aa edi\u00e7\u00e3o da Farra da Cabra, realizada em Parari, o prefeito Genival Queiroz aproveitou a presen\u00e7a do deputado federal Wellington Roberto para apresentar oficialmente uma demanda importante para os produtores rurais do munic\u00edpio.<\/p>\n<p data-start=\"528\" data-end=\"811\">Na ocasi\u00e3o, o gestor entregou ao parlamentar um of\u00edcio solicitando apoio para a inclus\u00e3o permanente do programa de Caprinocultura de Leite do Estado da Para\u00edba, al\u00e9m da amplia\u00e7\u00e3o de vagas para novos produtores junto ao Minist\u00e9rio do Desenvolvimento Social do Governo Federal.<\/p>\n<p data-start=\"813\" data-end=\"1050\">O prefeito explicou que o fortalecimento do programa \u00e9 essencial para a gera\u00e7\u00e3o de emprego e renda no munic\u00edpio, especialmente para os jovens que v\u00eam se qualificando na atividade leiteira e investindo em melhoramento gen\u00e9tico do rebanho.<\/p>\n<p data-start=\"1052\" data-end=\"1555\">Segundo Genival Queiroz, a continuidade e amplia\u00e7\u00e3o do programa representam um passo decisivo para o crescimento econ\u00f4mico local.<\/p>\n<p data-start=\"1052\" data-end=\"1555\">\u201cParari tem voca\u00e7\u00e3o natural para a caprinocultura, e nossos produtores t\u00eam mostrado dedica\u00e7\u00e3o e profissionalismo. Apresentei essa demanda ao deputado Wellington Roberto porque n\u00e3o podemos perder um programa t\u00e3o importante para o desenvolvimento da nossa cidade. Precisamos garantir que nossos jovens produtores tenham apoio e oportunidades para expandir a atividade.\u201d<\/p>\n<p data-start=\"1557\" data-end=\"1705\">O prefeito reafirmou que a parceria com o parlamentar \u00e9 fundamental para garantir avan\u00e7os estruturantes e fortalecer o setor produtivo do munic\u00edpio.<\/p>\n<p data-start=\"1557\" data-end=\"1705\">\n<p data-start=\"1557\" data-end=\"1705\"><strong>CARIRI EM A\u00c7\u00c3O<\/strong><\/p>\n","protected":false},"excerpt":{"rendered":"<p>Durante a 1\u00aa edi\u00e7\u00e3o da Farra da Cabra, realizada em Parari, o prefeito Genival Queiroz aproveitou a presen\u00e7a do deputado federal Wellington Roberto para apresentar&hellip; <\/p>\n","protected":false},"author":6,"featured_media":307263,"comment_status":"closed","ping_status":"closed","sticky":false,"template":"","format":"standard","meta":{"sfsi_plus_gutenberg_text_before_share":"","sfsi_plus_gutenberg_show_text_before_share":"","sfsi_plus_gutenberg_icon_type":"","sfsi_plus_gutenberg_icon_alignemt":"","sfsi_plus_gutenburg_max_per_row":"","footnotes":""},"categories":[50,2,83],"tags":[],"class_list":["post-307262","post","type-post","status-publish","format-standard","has-post-thumbnail","hentry","category-destaque","category-geral","category-parari"],"_links":{"self":[{"href":"https:\/\/www.caririemacao.com\/1\/wp-json\/wp\/v2\/posts\/307262","targetHints":{"allow":["GET"]}}],"collection":[{"href":"https:\/\/www.caririemacao.com\/1\/wp-json\/wp\/v2\/posts"}],"about":[{"href":"https:\/\/www.caririemacao.com\/1\/wp-json\/wp\/v2\/types\/post"}],"author":[{"embeddable":true,"href":"https:\/\/www.caririemacao.com\/1\/wp-json\/wp\/v2\/users\/6"}],"replies":[{"embeddable":true,"href":"https:\/\/www.caririemacao.com\/1\/wp-json\/wp\/v2\/comments?post=307262"}],"version-history":[{"count":1,"href":"https:\/\/www.caririemacao.com\/1\/wp-json\/wp\/v2\/posts\/307262\/revisions"}],"predecessor-version":[{"id":307264,"href":"https:\/\/www.caririemacao.com\/1\/wp-json\/wp\/v2\/posts\/307262\/revisions\/307264"}],"wp:featuredmedia":[{"embeddable":true,"href":"https:\/\/www.caririemacao.com\/1\/wp-json\/wp\/v2\/media\/307263"}],"wp:attachment":[{"href":"https:\/\/www.caririemacao.com\/1\/wp-json\/wp\/v2\/media?parent=307262"}],"wp:term":[{"taxonomy":"category","embeddable":true,"href":"https:\/\/www.caririemacao.com\/1\/wp-json\/wp\/v2\/categories?post=307262"},{"taxonomy":"post_tag","embeddable":true,"href":"https:\/\/www.caririemacao.com\/1\/wp-json\/wp\/v2\/tags?post=307262"}],"curies":[{"name":"wp","href":"https:\/\/api.w.org\/{rel}","templated":true}]}}