{"id":307575,"date":"2025-12-01T16:40:10","date_gmt":"2025-12-01T19:40:10","guid":{"rendered":"https:\/\/www.caririemacao.com\/1\/?p=307575"},"modified":"2025-12-01T16:40:10","modified_gmt":"2025-12-01T19:40:10","slug":"prefeitura-de-parari-divulga-cronograma-de-inscricoes-para-o-corte-de-terras-2026","status":"publish","type":"post","link":"https:\/\/www.caririemacao.com\/1\/2025\/12\/01\/prefeitura-de-parari-divulga-cronograma-de-inscricoes-para-o-corte-de-terras-2026\/","title":{"rendered":"Prefeitura de Parari divulga cronograma de inscri\u00e7\u00f5es para o Corte de Terras 2026"},"content":{"rendered":"<p data-start=\"253\" data-end=\"638\">A Prefeitura de Parari, por meio da Secretaria Municipal de Agricultura, anunciou o calend\u00e1rio oficial de inscri\u00e7\u00f5es para o Programa de Corte de Terras 2026, a\u00e7\u00e3o que garante suporte aos agricultores na prepara\u00e7\u00e3o do solo para o pr\u00f3ximo per\u00edodo de plantio. O programa beneficia diversas comunidades rurais e refor\u00e7a o compromisso da gest\u00e3o com o fortalecimento do pequeno produtor.<\/p>\n<p data-start=\"640\" data-end=\"927\">As inscri\u00e7\u00f5es t\u00eam in\u00edcio no dia 03 de dezembro de 2025, sempre a partir das 9h, seguindo datas espec\u00edficas para cada localidade. O atendimento ser\u00e1 realizado diretamente na sede da Secretaria de Agricultura, onde os agricultores devem apresentar CPF e RG no ato da inscri\u00e7\u00e3o.<\/p>\n<p data-start=\"929\" data-end=\"1399\">O prefeito Genival Queiroz destacou a import\u00e2ncia do programa para garantir melhores condi\u00e7\u00f5es de produ\u00e7\u00e3o \u00e0s fam\u00edlias rurais de Parari.<\/p>\n<p data-start=\"929\" data-end=\"1399\">\u201cTemos um compromisso firme com o homem do campo. O Corte de Terras \u00e9 uma a\u00e7\u00e3o essencial para que nossos agricultores iniciem o ciclo produtivo com dignidade e com o apoio necess\u00e1rio da gest\u00e3o municipal. Estamos organizando tudo com responsabilidade para atender cada comunidade de forma justa e eficiente\u201d, afirmou o prefeito.<\/p>\n<hr data-start=\"1401\" data-end=\"1404\" \/>\n<h2 data-start=\"1406\" data-end=\"1432\"><strong data-start=\"1409\" data-end=\"1432\">Cronograma Completo<\/strong><\/h2>\n<h3 data-start=\"1434\" data-end=\"1471\"><strong data-start=\"1438\" data-end=\"1469\">03 de dezembro de 2025 \u2013 9h<\/strong><\/h3>\n<p data-start=\"1472\" data-end=\"1542\">Po\u00e7o, S\u00e3o Caetano, Pedra D\u2019\u00e1gua, Quimiej\u00e9, S\u00edtio Novo e Riacho D\u2019\u00e1gua.<\/p>\n<h3 data-start=\"1544\" data-end=\"1581\"><strong data-start=\"1548\" data-end=\"1579\">04 de dezembro de 2025 \u2013 9h<\/strong><\/h3>\n<p data-start=\"1582\" data-end=\"1664\">Jaramataia, Rio Tapero\u00e1, Riacho do Estevam, Barra, Po\u00e7o do Rancho e Marias Pretas.<\/p>\n<h3 data-start=\"1666\" data-end=\"1703\"><strong data-start=\"1670\" data-end=\"1701\">05 de dezembro de 2025 \u2013 9h<\/strong><\/h3>\n<p data-start=\"1704\" data-end=\"1769\">Tocaia, Riacho do Marcos, Riacho do Gatinho, Campo Grande I e II.<\/p>\n<h3 data-start=\"1771\" data-end=\"1808\"><strong data-start=\"1775\" data-end=\"1806\">09 de dezembro de 2025 \u2013 9h<\/strong><\/h3>\n<p data-start=\"1809\" data-end=\"1850\">Serrota, Ramada, Parelhas, Agreste e Rua.<\/p>\n<h3 data-start=\"1852\" data-end=\"1889\"><strong data-start=\"1856\" data-end=\"1887\">10 de dezembro de 2025 \u2013 9h<\/strong><\/h3>\n<p data-start=\"1890\" data-end=\"1925\">Rio de Fora I e II e Po\u00e7o da Pedra.<\/p>\n<h3 data-start=\"1927\" data-end=\"1964\"><strong data-start=\"1931\" data-end=\"1962\">11 de dezembro de 2025 \u2013 9h<\/strong><\/h3>\n<p data-start=\"1965\" data-end=\"2009\">Farias, Caboclo, Cardoso, Riach\u00e3o e Algod\u00e3o.<\/p>\n<hr data-start=\"2011\" data-end=\"2014\" \/>\n<p data-start=\"2016\" data-end=\"2232\">O governo municipal refor\u00e7a que o Programa de Corte de Terras permanece como uma das principais a\u00e7\u00f5es de incentivo ao agricultor, garantindo preparo adequado do solo e fortalecendo a produ\u00e7\u00e3o agr\u00edcola no ano de 2026.<\/p>\n","protected":false},"excerpt":{"rendered":"<p>A Prefeitura de Parari, por meio da Secretaria Municipal de Agricultura, anunciou o calend\u00e1rio oficial de inscri\u00e7\u00f5es para o Programa de Corte de Terras 2026,&hellip; <\/p>\n","protected":false},"author":6,"featured_media":307576,"comment_status":"closed","ping_status":"closed","sticky":false,"template":"","format":"standard","meta":{"sfsi_plus_gutenberg_text_before_share":"","sfsi_plus_gutenberg_show_text_before_share":"","sfsi_plus_gutenberg_icon_type":"","sfsi_plus_gutenberg_icon_alignemt":"","sfsi_plus_gutenburg_max_per_row":"","footnotes":""},"categories":[50,2,83],"tags":[],"class_list":["post-307575","post","type-post","status-publish","format-standard","has-post-thumbnail","hentry","category-destaque","category-geral","category-parari"],"_links":{"self":[{"href":"https:\/\/www.caririemacao.com\/1\/wp-json\/wp\/v2\/posts\/307575","targetHints":{"allow":["GET"]}}],"collection":[{"href":"https:\/\/www.caririemacao.com\/1\/wp-json\/wp\/v2\/posts"}],"about":[{"href":"https:\/\/www.caririemacao.com\/1\/wp-json\/wp\/v2\/types\/post"}],"author":[{"embeddable":true,"href":"https:\/\/www.caririemacao.com\/1\/wp-json\/wp\/v2\/users\/6"}],"replies":[{"embeddable":true,"href":"https:\/\/www.caririemacao.com\/1\/wp-json\/wp\/v2\/comments?post=307575"}],"version-history":[{"count":1,"href":"https:\/\/www.caririemacao.com\/1\/wp-json\/wp\/v2\/posts\/307575\/revisions"}],"predecessor-version":[{"id":307577,"href":"https:\/\/www.caririemacao.com\/1\/wp-json\/wp\/v2\/posts\/307575\/revisions\/307577"}],"wp:featuredmedia":[{"embeddable":true,"href":"https:\/\/www.caririemacao.com\/1\/wp-json\/wp\/v2\/media\/307576"}],"wp:attachment":[{"href":"https:\/\/www.caririemacao.com\/1\/wp-json\/wp\/v2\/media?parent=307575"}],"wp:term":[{"taxonomy":"category","embeddable":true,"href":"https:\/\/www.caririemacao.com\/1\/wp-json\/wp\/v2\/categories?post=307575"},{"taxonomy":"post_tag","embeddable":true,"href":"https:\/\/www.caririemacao.com\/1\/wp-json\/wp\/v2\/tags?post=307575"}],"curies":[{"name":"wp","href":"https:\/\/api.w.org\/{rel}","templated":true}]}}