{"id":307630,"date":"2025-12-03T09:34:20","date_gmt":"2025-12-03T12:34:20","guid":{"rendered":"https:\/\/www.caririemacao.com\/1\/?p=307630"},"modified":"2025-12-03T09:34:32","modified_gmt":"2025-12-03T12:34:32","slug":"barra-de-sao-miguel-realiza-a-primeira-cerimonia-de-entrega-coletiva-do-premio-referencia-2025","status":"publish","type":"post","link":"https:\/\/www.caririemacao.com\/1\/2025\/12\/03\/barra-de-sao-miguel-realiza-a-primeira-cerimonia-de-entrega-coletiva-do-premio-referencia-2025\/","title":{"rendered":"Barra de S\u00e3o Miguel realiza a primeira cerim\u00f4nia de entrega coletiva do Pr\u00eamio Refer\u00eancia 2025"},"content":{"rendered":"<p data-start=\"295\" data-end=\"626\">Barra de S\u00e3o Miguel sediou, na \u00faltima ter\u00e7a-feira (02), a primeira cerim\u00f4nia de entrega coletiva do Pr\u00eamio Refer\u00eancia 2025, um marco para a valoriza\u00e7\u00e3o profissional, empresarial e institucional do Cariri Paraibano. O evento reuniu homenageados de diversas \u00e1reas, al\u00e9m de autoridades, empres\u00e1rios, imprensa regional e convidados.<\/p>\n<p data-start=\"628\" data-end=\"860\">A iniciativa, promovida pelo Cariri em A\u00e7\u00e3o, apresentou um novo formato coletivo para a tradicional premia\u00e7\u00e3o, tornando o momento mais din\u00e2mico, organizado e inclusivo, fortalecendo o alcance do selo Refer\u00eancia em toda a regi\u00e3o.<\/p>\n<p data-start=\"862\" data-end=\"999\">O idealizador do evento e CEO do Cariri em A\u00e7\u00e3o, Marivaldo Alc\u00e2ntara, destacou que o novo modelo inaugura uma nova fase da premia\u00e7\u00e3o.<\/p>\n<p data-start=\"862\" data-end=\"999\">\u201cRealizamos em Barra de S\u00e3o Miguel um formato que marca a hist\u00f3ria do Pr\u00eamio Refer\u00eancia. A cerim\u00f4nia coletiva permite reconhecer, em um \u00fanico encontro, v\u00e1rias pessoas que fazem a diferen\u00e7a na regi\u00e3o. \u00c9 um reconhecimento conjunto, mas que valoriza a singularidade e a trajet\u00f3ria de cada homenageado.\u201d \u2014 afirmou Marivaldo.<\/p>\n<p data-start=\"1329\" data-end=\"1424\">Ele tamb\u00e9m ressaltou por que Barra de S\u00e3o Miguel foi escolhida para estrear esse novo conceito.<\/p>\n<p data-start=\"1329\" data-end=\"1424\">\u201cBarra de S\u00e3o Miguel tem sido um grande palco para a\u00e7\u00f5es que valorizam nossa gente. Iniciar aqui a cerim\u00f4nia coletiva do Pr\u00eamio Refer\u00eancia 2025 foi uma honra e um passo importante para ampliar ainda mais a visibilidade de profissionais e institui\u00e7\u00f5es do nosso Cariri.\u201d \u2014 completou.<\/p>\n<p data-start=\"1715\" data-end=\"1866\">A noite foi marcada por emo\u00e7\u00e3o, homenagens e o fortalecimento do compromisso com a valoriza\u00e7\u00e3o dos talentos que movimentam o desenvolvimento da regi\u00e3o.<\/p>\n<p data-start=\"1715\" data-end=\"1866\"><strong>CARIRI EM A\u00c7\u00c3O<\/strong><\/p>\n","protected":false},"excerpt":{"rendered":"<p>Barra de S\u00e3o Miguel sediou, na \u00faltima ter\u00e7a-feira (02), a primeira cerim\u00f4nia de entrega coletiva do Pr\u00eamio Refer\u00eancia 2025, um marco para a valoriza\u00e7\u00e3o profissional, empresarial e institucional do Cariri Paraibano. O evento reuniu homenageados de diversas \u00e1reas, al\u00e9m de autoridades, empres\u00e1rios, imprensa regional e convidados. A iniciativa, promovida pelo Cariri em A\u00e7\u00e3o, apresentou um novo formato coletivo para a tradicional premia\u00e7\u00e3o, tornando o momento mais din\u00e2mico, organizado e inclusivo, fortalecendo o alcance do selo Refer\u00eancia em toda a regi\u00e3o. O idealizador do evento e CEO do Cariri em A\u00e7\u00e3o, Marivaldo Alc\u00e2ntara, destacou que o novo modelo inaugura uma nova fase da premia\u00e7\u00e3o. \u201cRealizamos em Barra de S\u00e3o Miguel um formato que marca a hist\u00f3ria do Pr\u00eamio Refer\u00eancia. A cerim\u00f4nia coletiva permite reconhecer, em um \u00fanico encontro, v\u00e1rias pessoas que fazem a diferen\u00e7a na regi\u00e3o. \u00c9 um reconhecimento conjunto, mas que valoriza a singularidade e a trajet\u00f3ria de cada homenageado.\u201d \u2014 afirmou Marivaldo. Ele tamb\u00e9m ressaltou por que Barra de S\u00e3o Miguel foi escolhida para estrear esse novo conceito. \u201cBarra de S\u00e3o Miguel tem sido um grande palco para a\u00e7\u00f5es que valorizam nossa gente. Iniciar aqui a cerim\u00f4nia coletiva do Pr\u00eamio Refer\u00eancia 2025 foi uma honra e um passo importante para ampliar ainda mais a visibilidade de profissionais e institui\u00e7\u00f5es do nosso Cariri.\u201d \u2014 completou. A noite foi marcada por emo\u00e7\u00e3o, homenagens e o fortalecimento do compromisso com a valoriza\u00e7\u00e3o dos talentos que movimentam o desenvolvimento da regi\u00e3o. CARIRI EM A\u00c7\u00c3O<\/p>\n","protected":false},"author":6,"featured_media":307631,"comment_status":"closed","ping_status":"closed","sticky":false,"template":"","format":"standard","meta":{"sfsi_plus_gutenberg_text_before_share":"","sfsi_plus_gutenberg_show_text_before_share":"","sfsi_plus_gutenberg_icon_type":"","sfsi_plus_gutenberg_icon_alignemt":"","sfsi_plus_gutenburg_max_per_row":"","footnotes":""},"categories":[144,50,2],"tags":[],"class_list":["post-307630","post","type-post","status-publish","format-standard","has-post-thumbnail","hentry","category-barra-de-sao-miguel","category-destaque","category-geral"],"_links":{"self":[{"href":"https:\/\/www.caririemacao.com\/1\/wp-json\/wp\/v2\/posts\/307630","targetHints":{"allow":["GET"]}}],"collection":[{"href":"https:\/\/www.caririemacao.com\/1\/wp-json\/wp\/v2\/posts"}],"about":[{"href":"https:\/\/www.caririemacao.com\/1\/wp-json\/wp\/v2\/types\/post"}],"author":[{"embeddable":true,"href":"https:\/\/www.caririemacao.com\/1\/wp-json\/wp\/v2\/users\/6"}],"replies":[{"embeddable":true,"href":"https:\/\/www.caririemacao.com\/1\/wp-json\/wp\/v2\/comments?post=307630"}],"version-history":[{"count":2,"href":"https:\/\/www.caririemacao.com\/1\/wp-json\/wp\/v2\/posts\/307630\/revisions"}],"predecessor-version":[{"id":307633,"href":"https:\/\/www.caririemacao.com\/1\/wp-json\/wp\/v2\/posts\/307630\/revisions\/307633"}],"wp:featuredmedia":[{"embeddable":true,"href":"https:\/\/www.caririemacao.com\/1\/wp-json\/wp\/v2\/media\/307631"}],"wp:attachment":[{"href":"https:\/\/www.caririemacao.com\/1\/wp-json\/wp\/v2\/media?parent=307630"}],"wp:term":[{"taxonomy":"category","embeddable":true,"href":"https:\/\/www.caririemacao.com\/1\/wp-json\/wp\/v2\/categories?post=307630"},{"taxonomy":"post_tag","embeddable":true,"href":"https:\/\/www.caririemacao.com\/1\/wp-json\/wp\/v2\/tags?post=307630"}],"curies":[{"name":"wp","href":"https:\/\/api.w.org\/{rel}","templated":true}]}}