{"id":307656,"date":"2025-12-03T17:03:02","date_gmt":"2025-12-03T20:03:02","guid":{"rendered":"https:\/\/www.caririemacao.com\/1\/?p=307656"},"modified":"2025-12-03T17:03:02","modified_gmt":"2025-12-03T20:03:02","slug":"prefeito-genival-queiroz-cumpre-intensa-agenda-em-brasilia-em-busca-de-recursos-e-projetos-para-parari","status":"publish","type":"post","link":"https:\/\/www.caririemacao.com\/1\/2025\/12\/03\/prefeito-genival-queiroz-cumpre-intensa-agenda-em-brasilia-em-busca-de-recursos-e-projetos-para-parari\/","title":{"rendered":"Prefeito Genival Queiroz cumpre intensa agenda em Bras\u00edlia em busca de recursos e projetos para Parari"},"content":{"rendered":"<p>O prefeito de Parari, Genival Queiroz, est\u00e1 cumprindo uma intensa agenda em Bras\u00edlia nesta semana, onde busca garantir novos recursos, fortalecer parcerias e destravar importantes projetos para o munic\u00edpio. A iniciativa refor\u00e7a o compromisso da gest\u00e3o em ampliar investimentos e promover melhorias estruturantes para a cidade.<\/p>\n<p>Durante a passagem pela capital federal, o gestor participou de uma reuni\u00e3o com o senador Veneziano Vital do R\u00eago, oportunidade em que discutiu demandas priorit\u00e1rias de Parari e apresentou propostas para novas a\u00e7\u00f5es em benef\u00edcio da popula\u00e7\u00e3o.<\/p>\n<figure class=\"wp-block-image aligncenter size-large is-resized\"><img fetchpriority=\"high\" decoding=\"async\" class=\"wp-image-116240 aligncenter\" src=\"https:\/\/www.paraibamix.com.br\/wp-content\/uploads\/2025\/12\/WhatsApp-Image-2025-12-03-at-13.20.39-768x1024.jpeg\" sizes=\"(max-width: 768px) 100vw, 768px\" srcset=\"https:\/\/www.paraibamix.com.br\/wp-content\/uploads\/2025\/12\/WhatsApp-Image-2025-12-03-at-13.20.39-768x1024.jpeg 768w, https:\/\/www.paraibamix.com.br\/wp-content\/uploads\/2025\/12\/WhatsApp-Image-2025-12-03-at-13.20.39-225x300.jpeg 225w, https:\/\/www.paraibamix.com.br\/wp-content\/uploads\/2025\/12\/WhatsApp-Image-2025-12-03-at-13.20.39-113x150.jpeg 113w, https:\/\/www.paraibamix.com.br\/wp-content\/uploads\/2025\/12\/WhatsApp-Image-2025-12-03-at-13.20.39.jpeg 960w\" alt=\"\" width=\"343\" height=\"457\" \/><\/figure>\n<p>Genival tamb\u00e9m esteve reunido com o deputado federal Luiz Couto, al\u00e9m de outros parlamentares que t\u00eam atuado como importantes aliados da administra\u00e7\u00e3o municipal. Segundo o prefeito, as agendas seguem ao longo dos pr\u00f3ximos dias, incluindo novos encontros com representantes da bancada paraibana e \u00f3rg\u00e3os federais.<\/p>\n<p>\u201cEstamos trabalhando para garantir que Parari continue avan\u00e7ando. Bras\u00edlia \u00e9 o local onde muitas portas se abrem para os munic\u00edpios, e estamos aqui buscando cada oportunidade que possa resultar em obras, programas e melhorias para o nosso povo\u201d, destacou o prefeito.<\/p>\n<p>A expectativa \u00e9 que as articula\u00e7\u00f5es realizadas nesta semana resultem em novos investimentos e no andamento de projetos que aguardam libera\u00e7\u00e3o em minist\u00e9rios e demais \u00f3rg\u00e3os federais. A gest\u00e3o municipal deve divulgar nos pr\u00f3ximos dias os desdobramentos das audi\u00eancias e os benef\u00edcios que ser\u00e3o destinados a Parari.<\/p>\n<p>&nbsp;<\/p>\n<p><strong>CARIRI EM A\u00c7\u00c3O<\/strong><\/p>\n<p><em>Com Para\u00edba Mix<\/em><\/p>\n","protected":false},"excerpt":{"rendered":"<p>O prefeito de Parari, Genival Queiroz, est\u00e1 cumprindo uma intensa agenda em Bras\u00edlia nesta semana, onde busca garantir novos recursos, fortalecer parcerias e destravar importantes&hellip; <\/p>\n","protected":false},"author":6,"featured_media":307657,"comment_status":"closed","ping_status":"closed","sticky":false,"template":"","format":"standard","meta":{"sfsi_plus_gutenberg_text_before_share":"","sfsi_plus_gutenberg_show_text_before_share":"","sfsi_plus_gutenberg_icon_type":"","sfsi_plus_gutenberg_icon_alignemt":"","sfsi_plus_gutenburg_max_per_row":"","footnotes":""},"categories":[50,2,83],"tags":[],"class_list":["post-307656","post","type-post","status-publish","format-standard","has-post-thumbnail","hentry","category-destaque","category-geral","category-parari"],"_links":{"self":[{"href":"https:\/\/www.caririemacao.com\/1\/wp-json\/wp\/v2\/posts\/307656","targetHints":{"allow":["GET"]}}],"collection":[{"href":"https:\/\/www.caririemacao.com\/1\/wp-json\/wp\/v2\/posts"}],"about":[{"href":"https:\/\/www.caririemacao.com\/1\/wp-json\/wp\/v2\/types\/post"}],"author":[{"embeddable":true,"href":"https:\/\/www.caririemacao.com\/1\/wp-json\/wp\/v2\/users\/6"}],"replies":[{"embeddable":true,"href":"https:\/\/www.caririemacao.com\/1\/wp-json\/wp\/v2\/comments?post=307656"}],"version-history":[{"count":1,"href":"https:\/\/www.caririemacao.com\/1\/wp-json\/wp\/v2\/posts\/307656\/revisions"}],"predecessor-version":[{"id":307658,"href":"https:\/\/www.caririemacao.com\/1\/wp-json\/wp\/v2\/posts\/307656\/revisions\/307658"}],"wp:featuredmedia":[{"embeddable":true,"href":"https:\/\/www.caririemacao.com\/1\/wp-json\/wp\/v2\/media\/307657"}],"wp:attachment":[{"href":"https:\/\/www.caririemacao.com\/1\/wp-json\/wp\/v2\/media?parent=307656"}],"wp:term":[{"taxonomy":"category","embeddable":true,"href":"https:\/\/www.caririemacao.com\/1\/wp-json\/wp\/v2\/categories?post=307656"},{"taxonomy":"post_tag","embeddable":true,"href":"https:\/\/www.caririemacao.com\/1\/wp-json\/wp\/v2\/tags?post=307656"}],"curies":[{"name":"wp","href":"https:\/\/api.w.org\/{rel}","templated":true}]}}