{"id":307674,"date":"2025-12-04T15:48:45","date_gmt":"2025-12-04T18:48:45","guid":{"rendered":"https:\/\/www.caririemacao.com\/1\/?p=307674"},"modified":"2025-12-04T15:48:45","modified_gmt":"2025-12-04T18:48:45","slug":"vereadores-de-gurjao-participam-do-encontro-nordestino-de-legislativos-municipais-em-joao-pessoa","status":"publish","type":"post","link":"https:\/\/www.caririemacao.com\/1\/2025\/12\/04\/vereadores-de-gurjao-participam-do-encontro-nordestino-de-legislativos-municipais-em-joao-pessoa\/","title":{"rendered":"Vereadores de Gurj\u00e3o participam do Encontro Nordestino de Legislativos Municipais em Jo\u00e3o Pessoa"},"content":{"rendered":"<p data-start=\"293\" data-end=\"734\">Os vereadores Tallis, Marcelo Farias, Ronaldo e o presidente da C\u00e2mara Municipal de Gurj\u00e3o, Edivaldo Morais, est\u00e3o participando do Encontro Nordestino de Legislativos Municipais, realizado entre os dias 03 e 06 de dezembro, no Hotel Hardman, em Jo\u00e3o Pessoa. O evento, promovido pela UVB\/PB, re\u00fane representantes de diversos munic\u00edpios para debater temas essenciais \u00e0 moderniza\u00e7\u00e3o e ao fortalecimento do poder legislativo.<\/p>\n<p data-start=\"736\" data-end=\"1066\">Durante os quatro dias de programa\u00e7\u00e3o, os parlamentares ter\u00e3o acesso a palestras, pain\u00e9is e debates conduzidos por especialistas de destaque nacional nas \u00e1reas de controle legislativo, comunica\u00e7\u00e3o p\u00fablica, gest\u00e3o financeira, elabora\u00e7\u00e3o da LOA, integra\u00e7\u00e3o entre os poderes e uso da intelig\u00eancia artificial na administra\u00e7\u00e3o p\u00fablica.<\/p>\n<p data-start=\"1068\" data-end=\"1641\">Para o presidente da C\u00e2mara de Gurj\u00e3o, Edivaldo Morais, a participa\u00e7\u00e3o do Legislativo municipal nesse encontro representa um compromisso direto com a melhoria da gest\u00e3o p\u00fablica e com a popula\u00e7\u00e3o gurjaonense.<\/p>\n<p data-start=\"1068\" data-end=\"1641\">\u201cEstamos aqui para buscar conhecimento, trocar experi\u00eancias e fortalecer nossa atua\u00e7\u00e3o. O Legislativo precisa estar atualizado para fiscalizar com responsabilidade, legislar com efici\u00eancia e servir melhor ao povo de Gurj\u00e3o. Esse encontro \u00e9 uma oportunidade valiosa para que possamos aprimorar nosso trabalho e trazer novas perspectivas para nossa cidade.\u201d<\/p>\n<p data-start=\"1643\" data-end=\"1860\">A presen\u00e7a dos parlamentares de Gurj\u00e3o demonstra o interesse do munic\u00edpio em acompanhar as transforma\u00e7\u00f5es da gest\u00e3o p\u00fablica e adotar pr\u00e1ticas cada vez mais transparentes, qualificadas e conectadas \u00e0s demandas sociais.<\/p>\n<p data-start=\"1862\" data-end=\"2109\">O Encontro Nordestino de Legislativos Municipais segue at\u00e9 o dia 06 de dezembro, com uma programa\u00e7\u00e3o composta por especialistas como Glauber Barros, Georgina Luna, J\u00fanior Campos, Arthur N\u00f3brega, Thiago Castro, Padre Fabr\u00edcio Tim\u00f3teo, entre outros.<\/p>\n<p data-start=\"1862\" data-end=\"2109\">\n<p data-start=\"1862\" data-end=\"2109\"><strong>CARIRI EM A\u00c7\u00c3O<\/strong><\/p>\n","protected":false},"excerpt":{"rendered":"<p>Os vereadores Tallis, Marcelo Farias, Ronaldo e o presidente da C\u00e2mara Municipal de Gurj\u00e3o, Edivaldo Morais, est\u00e3o participando do Encontro Nordestino de Legislativos Municipais, realizado&hellip; <\/p>\n","protected":false},"author":6,"featured_media":307675,"comment_status":"closed","ping_status":"closed","sticky":false,"template":"","format":"standard","meta":{"sfsi_plus_gutenberg_text_before_share":"","sfsi_plus_gutenberg_show_text_before_share":"","sfsi_plus_gutenberg_icon_type":"","sfsi_plus_gutenberg_icon_alignemt":"","sfsi_plus_gutenburg_max_per_row":"","footnotes":""},"categories":[50,2,77],"tags":[],"class_list":["post-307674","post","type-post","status-publish","format-standard","has-post-thumbnail","hentry","category-destaque","category-geral","category-gurjao"],"_links":{"self":[{"href":"https:\/\/www.caririemacao.com\/1\/wp-json\/wp\/v2\/posts\/307674","targetHints":{"allow":["GET"]}}],"collection":[{"href":"https:\/\/www.caririemacao.com\/1\/wp-json\/wp\/v2\/posts"}],"about":[{"href":"https:\/\/www.caririemacao.com\/1\/wp-json\/wp\/v2\/types\/post"}],"author":[{"embeddable":true,"href":"https:\/\/www.caririemacao.com\/1\/wp-json\/wp\/v2\/users\/6"}],"replies":[{"embeddable":true,"href":"https:\/\/www.caririemacao.com\/1\/wp-json\/wp\/v2\/comments?post=307674"}],"version-history":[{"count":1,"href":"https:\/\/www.caririemacao.com\/1\/wp-json\/wp\/v2\/posts\/307674\/revisions"}],"predecessor-version":[{"id":307676,"href":"https:\/\/www.caririemacao.com\/1\/wp-json\/wp\/v2\/posts\/307674\/revisions\/307676"}],"wp:featuredmedia":[{"embeddable":true,"href":"https:\/\/www.caririemacao.com\/1\/wp-json\/wp\/v2\/media\/307675"}],"wp:attachment":[{"href":"https:\/\/www.caririemacao.com\/1\/wp-json\/wp\/v2\/media?parent=307674"}],"wp:term":[{"taxonomy":"category","embeddable":true,"href":"https:\/\/www.caririemacao.com\/1\/wp-json\/wp\/v2\/categories?post=307674"},{"taxonomy":"post_tag","embeddable":true,"href":"https:\/\/www.caririemacao.com\/1\/wp-json\/wp\/v2\/tags?post=307674"}],"curies":[{"name":"wp","href":"https:\/\/api.w.org\/{rel}","templated":true}]}}