{"id":30773,"date":"2017-10-16T19:26:11","date_gmt":"2017-10-16T22:26:11","guid":{"rendered":"http:\/\/caririemacao.com\/1\/?p=30773"},"modified":"2017-10-16T19:26:11","modified_gmt":"2017-10-16T22:26:11","slug":"filhas-de-jo-promovem-dia-das-criancas-em-camalau","status":"publish","type":"post","link":"https:\/\/www.caririemacao.com\/1\/2017\/10\/16\/filhas-de-jo-promovem-dia-das-criancas-em-camalau\/","title":{"rendered":"Filhas de J\u00f3 promovem dia das crian\u00e7as em Camala\u00fa"},"content":{"rendered":"<p>O Bethel \u201cFlor do Mandacaru\u201d, da ordem internacional das Filhas de J\u00f3, promoveu o dia das crian\u00e7as na cidade de Camala\u00fa. As meninas que integram a ordem, sa\u00edram em tr\u00eas carros, que tocavam m\u00fasicas infantis pelas ruas da cidade. As meninas iam parando e distribuindo guloseimas, e acima de tudo distribuindo sorrisos e muito carinho para as crian\u00e7as camalauenses.<\/p>\n<p>\u201cA crian\u00e7a \u00e9 alegria como o raio de sol e est\u00edmulo como a esperan\u00e7a\u201d<\/p>\n<p><em>\u201cO nosso dia das crian\u00e7as foi repleto de alegria, m\u00fasica e muita guloseima.\u00a0<\/em><br \/>\n<em>O sorriso estampado e a gratid\u00e3o exposta em cada crian\u00e7a ao pegar o saquinho de doces ou at\u00e9 mesmo de nos ver fantasiadas nas ruas da cidade trouxe para a gente a reflex\u00e3o de que todo esfor\u00e7o valeu a pena e que esse sim \u00e9 caminho certo a seguir!\u00a0<\/em><br \/>\n<em>Muito obrigado a todos (as) que contribuiram direto ou indiretamente nessa nossa ativid<\/em><span class=\"text_exposed_show\"><em>ade! Muito obrigada tamb\u00e9m \u00e0s nossas queridas irm\u00e3s que vieram l\u00e1 de Campina Grande para nos ajudar!<\/em><br \/>\n<em>Deus os aben\u00e7oe sempre!\u201d<\/em><\/span><\/p>\n<p><strong>CARIRI EM A\u00c7\u00c3O<\/strong><\/p>\n<p><em>Com\u00a0Camala\u00fa not\u00edcias\/Foto: Reprodu\u00e7\u00e3o<\/em><\/p>\n<p><strong>Leia mais not\u00edcias em\u00a0<\/strong><a href=\"http:\/\/www.caririemacao.com\/\"><strong>caririemacao.com<\/strong><\/a><strong>, siga nossa p\u00e1gina no\u00a0<\/strong><a href=\"https:\/\/www.facebook.com\/CaririEmAcao\/?ref=aymt_homepage_panel\"><strong>Facebook<\/strong><\/a>,<strong>\u00a0<\/strong><a href=\"https:\/\/www.instagram.com\/cariri_em_acao\/?hl=pt-br\"><strong>Instagram<\/strong><\/a><strong>\u00a0e <\/strong><a href=\"https:\/\/www.youtube.com\/channel\/UCAptA0jQuYQy8vMhLt2m4qg\"><strong>Youtube<\/strong><\/a><strong>\u00a0e veja nossas mat\u00e9rias, v\u00eddeos e fotos. Voc\u00ea tamb\u00e9m pode enviar informa\u00e7\u00f5es \u00e0 Reda\u00e7\u00e3o do Portal Cariri em A\u00e7\u00e3o pelo WhatsApp (83) 9 9634.5791, (83) 9 9601-1162.<\/strong><\/p>\n","protected":false},"excerpt":{"rendered":"<p>O Bethel \u201cFlor do Mandacaru\u201d, da ordem internacional das Filhas de J\u00f3, promoveu o dia das crian\u00e7as na cidade de Camala\u00fa. As meninas que integram&hellip; <\/p>\n","protected":false},"author":2,"featured_media":30774,"comment_status":"closed","ping_status":"closed","sticky":false,"template":"","format":"standard","meta":{"sfsi_plus_gutenberg_text_before_share":"","sfsi_plus_gutenberg_show_text_before_share":"","sfsi_plus_gutenberg_icon_type":"","sfsi_plus_gutenberg_icon_alignemt":"","sfsi_plus_gutenburg_max_per_row":"","footnotes":""},"categories":[6],"tags":[],"class_list":["post-30773","post","type-post","status-publish","format-standard","has-post-thumbnail","hentry","category-cidades"],"_links":{"self":[{"href":"https:\/\/www.caririemacao.com\/1\/wp-json\/wp\/v2\/posts\/30773","targetHints":{"allow":["GET"]}}],"collection":[{"href":"https:\/\/www.caririemacao.com\/1\/wp-json\/wp\/v2\/posts"}],"about":[{"href":"https:\/\/www.caririemacao.com\/1\/wp-json\/wp\/v2\/types\/post"}],"author":[{"embeddable":true,"href":"https:\/\/www.caririemacao.com\/1\/wp-json\/wp\/v2\/users\/2"}],"replies":[{"embeddable":true,"href":"https:\/\/www.caririemacao.com\/1\/wp-json\/wp\/v2\/comments?post=30773"}],"version-history":[{"count":0,"href":"https:\/\/www.caririemacao.com\/1\/wp-json\/wp\/v2\/posts\/30773\/revisions"}],"wp:featuredmedia":[{"embeddable":true,"href":"https:\/\/www.caririemacao.com\/1\/wp-json\/wp\/v2\/media\/30774"}],"wp:attachment":[{"href":"https:\/\/www.caririemacao.com\/1\/wp-json\/wp\/v2\/media?parent=30773"}],"wp:term":[{"taxonomy":"category","embeddable":true,"href":"https:\/\/www.caririemacao.com\/1\/wp-json\/wp\/v2\/categories?post=30773"},{"taxonomy":"post_tag","embeddable":true,"href":"https:\/\/www.caririemacao.com\/1\/wp-json\/wp\/v2\/tags?post=30773"}],"curies":[{"name":"wp","href":"https:\/\/api.w.org\/{rel}","templated":true}]}}