{"id":30777,"date":"2017-10-16T19:31:25","date_gmt":"2017-10-16T22:31:25","guid":{"rendered":"http:\/\/caririemacao.com\/1\/?p=30777"},"modified":"2017-10-16T19:31:25","modified_gmt":"2017-10-16T22:31:25","slug":"vitima-em-carta-de-desabafo-temer-diz-acreditar-em-conspiracao-para-tira-lo-do-cargo","status":"publish","type":"post","link":"https:\/\/www.caririemacao.com\/1\/2017\/10\/16\/vitima-em-carta-de-desabafo-temer-diz-acreditar-em-conspiracao-para-tira-lo-do-cargo\/","title":{"rendered":"V\u00cdTIMA: Em carta de \u2018desabafo\u2019, Temer diz acreditar em conspira\u00e7\u00e3o para tir\u00e1-lo do cargo"},"content":{"rendered":"<p>O presidente\u00a0<strong>Michel Temer<\/strong>\u00a0encaminhou, nesta segunda-feira, uma carta aos deputados e senadores do Legislativo na qual diz ser v\u00edtima, desde maio, de &#8220;<strong>torpezas e vilezas<\/strong>&#8221; e que, apesar de &#8220;jamais&#8221; ter acreditado haver uma conspira\u00e7\u00e3o para o retirar do cargo de\u00a0<strong>presidente da Rep\u00fablica<\/strong>, agora enxerga esses fatos como &#8220;incontest\u00e1veis&#8221;.<\/p>\n<p>&#8220;Come\u00e7o pelo \u00e1udio da conversa entre os dirigentes da JBS. Di\u00e1logo sujo, imoral, indecente, capaz de envergonhar aqueles que o ouvem. (&#8230;) Quem o ouviu verificou urdidura conspirat\u00f3ria dos que dele participavam demonstrando como se deu a participa\u00e7\u00e3o do ex-procurador-geral da Rep\u00fablica (Rodrigo Janot), por meio de seu mais pr\u00f3ximo colaborador, Dr. Marcelo Miller&#8221;, avalia Michel Temer.<\/p>\n<p>No texto, o presidente se diz &#8220;indignado&#8221; por ser &#8220;v\u00edtima de gente t\u00e3o inescrupulosa&#8221;. Um dos argumentos utilizados pelo presidente \u00e9 uma entrevista concedida pelo ex-deputado Eduardo Cunha \u00e0 revista \u201c\u00c9poca\u201d. Na ocasi\u00e3o, Cunha disse que sua tentativa de fechar um acordo de dela\u00e7\u00e3o premiada junto \u00e0 for\u00e7a-tarefa da Opera\u00e7\u00e3o Lava Jato n\u00e3o foi bem sucedida porque o procurador-geral exigia que ele incriminasse o presidente da Rep\u00fablica.<\/p>\n<p>&#8220;Esta negativa levou o procurador Janot a buscar algu\u00e9m disposto&#8221;, pondera Temer no documento ao se referir \u00e0s dela\u00e7\u00f5es de L\u00facio Funaro, apontado como operador do PMDB no esquema de propina: &#8220;Ressaltando que ele, Funaro, sequer me conhecia&#8221;, destaca.<\/p>\n<p>O presidente tamb\u00e9m cita o vazamento dos \u00e1udios com conversas dos dirigentes da JBS, Joesley Batista e Ricardo Saud, em que avalia ficar claro o objetivo de &#8220;derrubar o presidente da Rep\u00fablica&#8221;. Temer pontua ainda que nos \u00e1udios Joesley diz que, &#8220;no momento certo, e de comum acordo com Rodrigo Janot, o depoimento j\u00e1 acertado com L\u00facio Funaro &#8216;fecharia a tampa do caix\u00e3o'&#8221;.<\/p>\n<p>&#8220;Tudo combinado, tudo ajustado, tudo acertado, com o objetivo de: livrar-se de qualquer penalidade e derrubar o presidente da Rep\u00fablica. (&#8230;) Afirma\u00e7\u00f5es falsas, den\u00fancias ineptas alicer\u00e7adas em fatos constru\u00eddos artificialmente e, portanto, n\u00e3o verdadeiros, sustentaram as mentiras, falsidades e inverdades que foram divulgadas&#8221;, critica Michel Temer.<\/p>\n<p>O peemedebista aproveitou para exibir \u00edndices que apontam a retomada do crescimento do pa\u00eds. Entre eles est\u00e3o a queda da taxa Selic &#8211; que em maio de 2016 marcava 14,25% e, em setembro deste ano, chegou a 8,25% -, e o aumento do valor exportado, que acumulou US$ 164,603 bilh\u00f5es desde janeiro de 2017.<\/p>\n<p>&#8220;O Brasil n\u00e3o parou, apesar das den\u00fancias criminosas que acabei de apontar&#8221;, pondera Temer ao ressaltar a agenda de reformas propostas pelo seu governo: &#8220;O Pa\u00eds avan\u00e7a com o teto de gastos p\u00fablicos, lei das estatais, moderniza\u00e7\u00e3o trabalhista, reforma do ensino m\u00e9dio, proposta de revis\u00e3o da Previd\u00eancia, simplifica\u00e7\u00e3o tribut\u00e1ria&#8221;.<\/p>\n<p>Temer ressalta ainda que a carta tem tom de &#8220;desabafo&#8221;, e afirma que a &#8220;arma\u00e7\u00e3o est\u00e1 sendo desmontada&#8221;. &#8220;\u00c9 uma explica\u00e7\u00e3o para aqueles que me conhecem e sabem de mim. \u00c9 uma satisfa\u00e7\u00e3o \u00e0queles que democraticamente convivem comigo&#8221;, destaca sobre o teor do documento.<\/p>\n<p>A carta, com quatro p\u00e1ginas, foi enviada aos parlamentares na semana em que a Comiss\u00e3o de Constitui\u00e7\u00e3o e Justi\u00e7a (CCJ) da C\u00e2mara se prepara para votar o parecer de Bonif\u00e1cio Andrada (PSDB-MG) pelo arquivamento da segunda den\u00fancia feita contra o presidente pelo Minist\u00e9rio P\u00fablico (MPF) por obstru\u00e7\u00e3o \u00e0 Justi\u00e7a e organiza\u00e7\u00e3o criminosa.<\/p>\n<p><strong>CARIRI EM A\u00c7\u00c3O<\/strong><\/p>\n<p><em>Com Ag\u00eancia O Globo\/Foto: Reprodu\u00e7\u00e3o Google\u00a0\u00a0<\/em><\/p>\n<p><strong>Leia mais not\u00edcias em\u00a0<\/strong><a href=\"http:\/\/www.caririemacao.com\/\"><strong>caririemacao.com<\/strong><\/a><strong>, siga nossa p\u00e1gina no\u00a0<\/strong><a href=\"https:\/\/www.facebook.com\/CaririEmAcao\/?ref=aymt_homepage_panel\"><strong>Facebook<\/strong><\/a>,<strong>\u00a0<\/strong><a href=\"https:\/\/www.instagram.com\/cariri_em_acao\/?hl=pt-br\"><strong>Instagram<\/strong><\/a><strong>\u00a0e\u00a0<\/strong><a href=\"https:\/\/www.youtube.com\/channel\/UCAptA0jQuYQy8vMhLt2m4qg\"><strong>Youtube<\/strong><\/a><strong>\u00a0e veja nossas mat\u00e9rias, v\u00eddeos e fotos. Voc\u00ea tamb\u00e9m pode enviar informa\u00e7\u00f5es \u00e0 Reda\u00e7\u00e3o do Portal Cariri em A\u00e7\u00e3o pelo WhatsApp (83) 9 9634.5791, (83) 9 9601-1162.<\/strong><\/p>\n","protected":false},"excerpt":{"rendered":"<p>O presidente\u00a0Michel Temer\u00a0encaminhou, nesta segunda-feira, uma carta aos deputados e senadores do Legislativo na qual diz ser v\u00edtima, desde maio, de &#8220;torpezas e vilezas&#8221; e&hellip; <\/p>\n","protected":false},"author":2,"featured_media":7264,"comment_status":"closed","ping_status":"closed","sticky":false,"template":"","format":"standard","meta":{"sfsi_plus_gutenberg_text_before_share":"","sfsi_plus_gutenberg_show_text_before_share":"","sfsi_plus_gutenberg_icon_type":"","sfsi_plus_gutenberg_icon_alignemt":"","sfsi_plus_gutenburg_max_per_row":"","footnotes":""},"categories":[11],"tags":[],"class_list":["post-30777","post","type-post","status-publish","format-standard","has-post-thumbnail","hentry","category-politica"],"_links":{"self":[{"href":"https:\/\/www.caririemacao.com\/1\/wp-json\/wp\/v2\/posts\/30777","targetHints":{"allow":["GET"]}}],"collection":[{"href":"https:\/\/www.caririemacao.com\/1\/wp-json\/wp\/v2\/posts"}],"about":[{"href":"https:\/\/www.caririemacao.com\/1\/wp-json\/wp\/v2\/types\/post"}],"author":[{"embeddable":true,"href":"https:\/\/www.caririemacao.com\/1\/wp-json\/wp\/v2\/users\/2"}],"replies":[{"embeddable":true,"href":"https:\/\/www.caririemacao.com\/1\/wp-json\/wp\/v2\/comments?post=30777"}],"version-history":[{"count":0,"href":"https:\/\/www.caririemacao.com\/1\/wp-json\/wp\/v2\/posts\/30777\/revisions"}],"wp:featuredmedia":[{"embeddable":true,"href":"https:\/\/www.caririemacao.com\/1\/wp-json\/wp\/v2\/media\/7264"}],"wp:attachment":[{"href":"https:\/\/www.caririemacao.com\/1\/wp-json\/wp\/v2\/media?parent=30777"}],"wp:term":[{"taxonomy":"category","embeddable":true,"href":"https:\/\/www.caririemacao.com\/1\/wp-json\/wp\/v2\/categories?post=30777"},{"taxonomy":"post_tag","embeddable":true,"href":"https:\/\/www.caririemacao.com\/1\/wp-json\/wp\/v2\/tags?post=30777"}],"curies":[{"name":"wp","href":"https:\/\/api.w.org\/{rel}","templated":true}]}}