{"id":308012,"date":"2025-12-15T07:44:27","date_gmt":"2025-12-15T10:44:27","guid":{"rendered":"https:\/\/www.caririemacao.com\/1\/?p=308012"},"modified":"2025-12-15T07:44:27","modified_gmt":"2025-12-15T10:44:27","slug":"apos-decisao-do-stf-motta-informa-que-zambelli-renunciou-ao-mandato-de-deputada","status":"publish","type":"post","link":"https:\/\/www.caririemacao.com\/1\/2025\/12\/15\/apos-decisao-do-stf-motta-informa-que-zambelli-renunciou-ao-mandato-de-deputada\/","title":{"rendered":"Ap\u00f3s decis\u00e3o do STF, Motta informa que Zambelli renunciou ao mandato de deputada"},"content":{"rendered":"<div class=\"subtitulo mb-3\"><em><strong>Na semana passada, a C\u00e2mara rejeitou um pedido de cassa\u00e7\u00e3o do mandato parlamentar da deputada.<\/strong><\/em><\/div>\n<div><\/div>\n<div>\n<p>O presidente da C\u00e2mara dos Deputados,\u00a0Hugo Motta\u00a0(Republicanos-PB), informou neste domingo (14) que a deputada federal\u00a0Carla Zambelli\u00a0(PL-SP) renunciou ao mandato como parlamentar. A informa\u00e7\u00e3o foi\u00a0antecipada pela coluna\u00a0<strong>R7 Planalto<\/strong>\u00a0na semana passada.<\/p>\n<p>\u201cA C\u00e2mara dos Deputados informa que a deputada Carla Zambelli (PL-SP) comunicou \u00e0 Secretaria-Geral da Mesa a sua ren\u00fancia ao mandato parlamentar na data de hoje. Em decorr\u00eancia disso, o Presidente da C\u00e2mara dos Deputados determinou a convoca\u00e7\u00e3o do suplente, Deputado Adilson Barroso (PL\/SP), para tomar posse\u201d, informou Motta em nota.<\/p>\n<p>A decis\u00e3o de Zambelli ocorre ap\u00f3s o STF (Supremo Tribunal Federal) determinar a perda imediata do mandato dela na quinta-feira (11). Um dia antes, a C\u00e2mara decidiu manter o mandato da deputada mesmo ap\u00f3s a condena\u00e7\u00e3o a mais de 10 anos de pris\u00e3o e \u00e0 perda do posto por envolvimento na invas\u00e3o aos sistemas do Conselho Nacional de Justi\u00e7a.<\/p>\n<p>Na ocasi\u00e3o, diferentemente da determina\u00e7\u00e3o do Supremo, Motta despachou um pedido de cassa\u00e7\u00e3o do mandato parlamentar de Zambelli \u00e0 CCJ (Comiss\u00e3o de Constitui\u00e7\u00e3o e Justi\u00e7a) da C\u00e2mara.<\/p>\n<p>O plen\u00e1rio, contudo, entendeu que o mandato dela deveria ser salvo. Mas, para o STF, a C\u00e2mara n\u00e3o tinha tal poder, uma vez que a perda do mandato \u00e9 consequ\u00eancia da condena\u00e7\u00e3o criminal.<\/p>\n<p>Na decis\u00e3o da semana passada, o ministro do STF Alexandre de Moraes ordenou a perda do mandato de Zambelli. Al\u00e9m disso, que Motta desse, em at\u00e9 48h, posse ao suplente da deputada.<\/p>\n<h3 class=\"wp-block-heading\">Ren\u00fancia ao mandato<\/h3>\n<p>Conforme mostrou o R7 Planalto, a ideia de renunciar seria para \u201cn\u00e3o atrapalhar\u201d a bancada do PL, que, com a pris\u00e3o da deputada na It\u00e1lia, fica desfalcada, com um deputado a menos em todas as vota\u00e7\u00f5es.<\/p>\n<p>A deputada est\u00e1 foragida na It\u00e1lia desde julho. Ela saiu do Brasil pouco tempo depois de ser condenada pelo STF e agora enfrenta um processo de extradi\u00e7\u00e3o.<\/p>\n<p>FONTE: Portal Correio<\/p>\n<\/div>\n","protected":false},"excerpt":{"rendered":"<p>Na semana passada, a C\u00e2mara rejeitou um pedido de cassa\u00e7\u00e3o do mandato parlamentar da deputada. O presidente da C\u00e2mara dos Deputados,\u00a0Hugo Motta\u00a0(Republicanos-PB), informou neste domingo (14) que a deputada federal\u00a0Carla Zambelli\u00a0(PL-SP) renunciou ao mandato como parlamentar. A informa\u00e7\u00e3o foi\u00a0antecipada pela coluna\u00a0R7 Planalto\u00a0na semana passada. \u201cA C\u00e2mara dos Deputados informa que a deputada Carla Zambelli (PL-SP) comunicou \u00e0 Secretaria-Geral da Mesa a sua ren\u00fancia ao mandato parlamentar na data de hoje. Em decorr\u00eancia disso, o Presidente da C\u00e2mara dos Deputados determinou a convoca\u00e7\u00e3o do suplente, Deputado Adilson Barroso (PL\/SP), para tomar posse\u201d, informou Motta em nota. A decis\u00e3o de Zambelli ocorre ap\u00f3s o STF (Supremo Tribunal Federal) determinar a perda imediata do mandato dela na quinta-feira (11). Um dia antes, a C\u00e2mara decidiu manter o mandato da deputada mesmo ap\u00f3s a condena\u00e7\u00e3o a mais de 10 anos de pris\u00e3o e \u00e0 perda do posto por envolvimento na invas\u00e3o aos sistemas do Conselho Nacional de Justi\u00e7a. Na ocasi\u00e3o, diferentemente da determina\u00e7\u00e3o do Supremo, Motta despachou um pedido de cassa\u00e7\u00e3o do mandato parlamentar de Zambelli \u00e0 CCJ (Comiss\u00e3o de Constitui\u00e7\u00e3o e Justi\u00e7a) da C\u00e2mara. O plen\u00e1rio, contudo, entendeu que o mandato dela deveria ser salvo. Mas, para o STF, a C\u00e2mara n\u00e3o tinha tal poder, uma vez que a perda do mandato \u00e9 consequ\u00eancia da condena\u00e7\u00e3o criminal. Na decis\u00e3o da semana passada, o ministro do STF Alexandre de Moraes ordenou a perda do mandato de Zambelli. Al\u00e9m disso, que Motta desse, em at\u00e9 48h, posse ao suplente da deputada. Ren\u00fancia ao mandato Conforme mostrou o R7 Planalto, a ideia de renunciar seria para \u201cn\u00e3o atrapalhar\u201d a bancada do PL, que, com a pris\u00e3o da deputada na It\u00e1lia, fica desfalcada, com um deputado a menos em todas as vota\u00e7\u00f5es. A deputada est\u00e1 foragida na It\u00e1lia desde julho. Ela saiu do Brasil pouco tempo depois de ser condenada pelo STF e agora enfrenta um processo de extradi\u00e7\u00e3o. FONTE: Portal Correio<\/p>\n","protected":false},"author":6,"featured_media":308013,"comment_status":"closed","ping_status":"closed","sticky":false,"template":"","format":"standard","meta":{"sfsi_plus_gutenberg_text_before_share":"","sfsi_plus_gutenberg_show_text_before_share":"","sfsi_plus_gutenberg_icon_type":"","sfsi_plus_gutenberg_icon_alignemt":"","sfsi_plus_gutenburg_max_per_row":"","footnotes":""},"categories":[50,11],"tags":[],"class_list":["post-308012","post","type-post","status-publish","format-standard","has-post-thumbnail","hentry","category-destaque","category-politica"],"_links":{"self":[{"href":"https:\/\/www.caririemacao.com\/1\/wp-json\/wp\/v2\/posts\/308012","targetHints":{"allow":["GET"]}}],"collection":[{"href":"https:\/\/www.caririemacao.com\/1\/wp-json\/wp\/v2\/posts"}],"about":[{"href":"https:\/\/www.caririemacao.com\/1\/wp-json\/wp\/v2\/types\/post"}],"author":[{"embeddable":true,"href":"https:\/\/www.caririemacao.com\/1\/wp-json\/wp\/v2\/users\/6"}],"replies":[{"embeddable":true,"href":"https:\/\/www.caririemacao.com\/1\/wp-json\/wp\/v2\/comments?post=308012"}],"version-history":[{"count":1,"href":"https:\/\/www.caririemacao.com\/1\/wp-json\/wp\/v2\/posts\/308012\/revisions"}],"predecessor-version":[{"id":308014,"href":"https:\/\/www.caririemacao.com\/1\/wp-json\/wp\/v2\/posts\/308012\/revisions\/308014"}],"wp:featuredmedia":[{"embeddable":true,"href":"https:\/\/www.caririemacao.com\/1\/wp-json\/wp\/v2\/media\/308013"}],"wp:attachment":[{"href":"https:\/\/www.caririemacao.com\/1\/wp-json\/wp\/v2\/media?parent=308012"}],"wp:term":[{"taxonomy":"category","embeddable":true,"href":"https:\/\/www.caririemacao.com\/1\/wp-json\/wp\/v2\/categories?post=308012"},{"taxonomy":"post_tag","embeddable":true,"href":"https:\/\/www.caririemacao.com\/1\/wp-json\/wp\/v2\/tags?post=308012"}],"curies":[{"name":"wp","href":"https:\/\/api.w.org\/{rel}","templated":true}]}}