{"id":308035,"date":"2025-12-15T10:26:44","date_gmt":"2025-12-15T13:26:44","guid":{"rendered":"https:\/\/www.caririemacao.com\/1\/?p=308035"},"modified":"2025-12-15T10:26:44","modified_gmt":"2025-12-15T13:26:44","slug":"apos-pedido-de-cirurgia-moraes-manda-pf-fazer-pericia-em-bolsonaro","status":"publish","type":"post","link":"https:\/\/www.caririemacao.com\/1\/2025\/12\/15\/apos-pedido-de-cirurgia-moraes-manda-pf-fazer-pericia-em-bolsonaro\/","title":{"rendered":"Ap\u00f3s pedido de cirurgia, Moraes manda PF fazer per\u00edcia em Bolsonaro"},"content":{"rendered":"<div class=\"header-noticia full-width\">\n<div class=\"linha-fina-noticia\" style=\"text-align: center;\"><em><strong>Ministro determinou que avalia\u00e7\u00e3o seja feita no prazo de 15 dias<\/strong><\/em><\/div>\n<\/div>\n<div class=\"container-autoria\" style=\"text-align: center;\">,<\/div>\n<div><\/div>\n<div>\n<p>O ministro Alexandre de Moraes, do Supremo Tribunal Federal (STF), determinou na \u00faltima quinta-feira (11) que o ex-presidente Jair Bolsonaro realize uma per\u00edcia m\u00e9dica, no prazo de 15 dias, para averiguar a necessidade de uma cirurgia solicitada pela defesa.<img decoding=\"async\" src=\"https:\/\/agenciabrasil.ebc.com.br\/ebc.png?id=1671793&amp;o=node\" \/><img decoding=\"async\" src=\"https:\/\/agenciabrasil.ebc.com.br\/ebc.gif?id=1671793&amp;o=node\" \/><\/p>\n<p>Na decis\u00e3o, Moraes menciona que\u00a0Bolsonaro passou por exames antes de ser preso em 22 de novembro, quando n\u00e3o foi verificada nenhuma necessidade de interven\u00e7\u00e3o cir\u00fargica urgente. O ministro frisou ainda ter disponibilizado atendimento m\u00e9dico em tempo integral ao preso.<\/p>\n<p>Desde a pris\u00e3o, \u201cn\u00e3o houve nenhuma not\u00edcia de situa\u00e7\u00e3o m\u00e9dica emergencial ocorrida com Bolsonaro\u201d, acrescentou Moraes.<\/p>\n<p>No fim de novembro,\u00a0Bolsonaro come\u00e7ou a cumprir pena de 27 anos e tr\u00eas meses, em regime inicial fechado, por ter liderado uma tentativa de golpe do Estado para se manter no poder ap\u00f3s ser derrotado nas urnas em 2022.<\/p>\n<p>O ex-presidente foi colocado numa sala especial instalada em um edif\u00edcio da Pol\u00edcia Federal (PF), em Bras\u00edlia, e nas \u00faltimas semanas tem obtido autoriza\u00e7\u00e3o para receber visitas de familiares, al\u00e9m dos advogados.<\/p>\n<p>Em despacho nesta quinta, por exemplo, Moraes autorizou as visitas da ex-primeira-dama Michele Bolsonaro e do filho Fl\u00e1vio Bolsonaro, senador pelo PL do Rio de Janeiro que diz ter recebido do pai a miss\u00e3o de ser o candidato da fam\u00edlia \u00e0 Presid\u00eancia da Rep\u00fablica nas elei\u00e7\u00f5es do ano que vem.<\/p>\n<h2>Interna\u00e7\u00e3o<\/h2>\n<p>Na \u00faltima ter\u00e7a (9), a defesa do ex-presidente afirmou ter havido piora em seu quadro de sa\u00fade.\u00a0Os advogados\u00a0pediram que ele seja liberado da pris\u00e3o\u00a0para realizar uma cirurgia de h\u00e9rnia inguinal, que est\u00e1 relacionada a crises de solu\u00e7os constantes.<\/p>\n<p>Os advogados tamb\u00e9m voltaram a\u00a0pedir a Moraes que Bolsonaro cumpra pris\u00e3o domiciliar. Segundo a defesa, o ambiente prisional \u00e9 incompat\u00edvel com a condi\u00e7\u00e3o de sa\u00fade do ex-presidente. \u201cA pris\u00e3o domiciliar \u00e9 modalidade de cumprimento de pena destinada\u00a0\u00e0queles cuja pris\u00e3o em regime fechado pode colocar em risco sua integridade f\u00edsica por motivos m\u00e9dicos\u201d, alega a defesa.<\/p>\n<p>Segundo os advogados,\u00a0s\u00e3o necess\u00e1rios de cinco a sete dias de interna\u00e7\u00e3o num hospital particular de Bras\u00edlia para que Bolsonaro realize o procedimento cir\u00fargico.<\/p>\n<p>FONTE: Ag\u00eancia Brasil<\/p>\n<\/div>\n","protected":false},"excerpt":{"rendered":"<p>Ministro determinou que avalia\u00e7\u00e3o seja feita no prazo de 15 dias , O ministro Alexandre de Moraes, do Supremo Tribunal Federal (STF), determinou na \u00faltima quinta-feira (11) que o ex-presidente Jair Bolsonaro realize uma per\u00edcia m\u00e9dica, no prazo de 15 dias, para averiguar a necessidade de uma cirurgia solicitada pela defesa. Na decis\u00e3o, Moraes menciona que\u00a0Bolsonaro passou por exames antes de ser preso em 22 de novembro, quando n\u00e3o foi verificada nenhuma necessidade de interven\u00e7\u00e3o cir\u00fargica urgente. O ministro frisou ainda ter disponibilizado atendimento m\u00e9dico em tempo integral ao preso. Desde a pris\u00e3o, \u201cn\u00e3o houve nenhuma not\u00edcia de situa\u00e7\u00e3o m\u00e9dica emergencial ocorrida com Bolsonaro\u201d, acrescentou Moraes. No fim de novembro,\u00a0Bolsonaro come\u00e7ou a cumprir pena de 27 anos e tr\u00eas meses, em regime inicial fechado, por ter liderado uma tentativa de golpe do Estado para se manter no poder ap\u00f3s ser derrotado nas urnas em 2022. O ex-presidente foi colocado numa sala especial instalada em um edif\u00edcio da Pol\u00edcia Federal (PF), em Bras\u00edlia, e nas \u00faltimas semanas tem obtido autoriza\u00e7\u00e3o para receber visitas de familiares, al\u00e9m dos advogados. Em despacho nesta quinta, por exemplo, Moraes autorizou as visitas da ex-primeira-dama Michele Bolsonaro e do filho Fl\u00e1vio Bolsonaro, senador pelo PL do Rio de Janeiro que diz ter recebido do pai a miss\u00e3o de ser o candidato da fam\u00edlia \u00e0 Presid\u00eancia da Rep\u00fablica nas elei\u00e7\u00f5es do ano que vem. Interna\u00e7\u00e3o Na \u00faltima ter\u00e7a (9), a defesa do ex-presidente afirmou ter havido piora em seu quadro de sa\u00fade.\u00a0Os advogados\u00a0pediram que ele seja liberado da pris\u00e3o\u00a0para realizar uma cirurgia de h\u00e9rnia inguinal, que est\u00e1 relacionada a crises de solu\u00e7os constantes. Os advogados tamb\u00e9m voltaram a\u00a0pedir a Moraes que Bolsonaro cumpra pris\u00e3o domiciliar. Segundo a defesa, o ambiente prisional \u00e9 incompat\u00edvel com a condi\u00e7\u00e3o de sa\u00fade do ex-presidente. \u201cA pris\u00e3o domiciliar \u00e9 modalidade de cumprimento de pena destinada\u00a0\u00e0queles cuja pris\u00e3o em regime fechado pode colocar em risco sua integridade f\u00edsica por motivos m\u00e9dicos\u201d, alega a defesa. Segundo os advogados,\u00a0s\u00e3o necess\u00e1rios de cinco a sete dias de interna\u00e7\u00e3o num hospital particular de Bras\u00edlia para que Bolsonaro realize o procedimento cir\u00fargico. FONTE: Ag\u00eancia Brasil<\/p>\n","protected":false},"author":6,"featured_media":308036,"comment_status":"closed","ping_status":"closed","sticky":false,"template":"","format":"standard","meta":{"sfsi_plus_gutenberg_text_before_share":"","sfsi_plus_gutenberg_show_text_before_share":"","sfsi_plus_gutenberg_icon_type":"","sfsi_plus_gutenberg_icon_alignemt":"","sfsi_plus_gutenburg_max_per_row":"","footnotes":""},"categories":[50,11,16],"tags":[],"class_list":["post-308035","post","type-post","status-publish","format-standard","has-post-thumbnail","hentry","category-destaque","category-politica","category-saude"],"_links":{"self":[{"href":"https:\/\/www.caririemacao.com\/1\/wp-json\/wp\/v2\/posts\/308035","targetHints":{"allow":["GET"]}}],"collection":[{"href":"https:\/\/www.caririemacao.com\/1\/wp-json\/wp\/v2\/posts"}],"about":[{"href":"https:\/\/www.caririemacao.com\/1\/wp-json\/wp\/v2\/types\/post"}],"author":[{"embeddable":true,"href":"https:\/\/www.caririemacao.com\/1\/wp-json\/wp\/v2\/users\/6"}],"replies":[{"embeddable":true,"href":"https:\/\/www.caririemacao.com\/1\/wp-json\/wp\/v2\/comments?post=308035"}],"version-history":[{"count":1,"href":"https:\/\/www.caririemacao.com\/1\/wp-json\/wp\/v2\/posts\/308035\/revisions"}],"predecessor-version":[{"id":308037,"href":"https:\/\/www.caririemacao.com\/1\/wp-json\/wp\/v2\/posts\/308035\/revisions\/308037"}],"wp:featuredmedia":[{"embeddable":true,"href":"https:\/\/www.caririemacao.com\/1\/wp-json\/wp\/v2\/media\/308036"}],"wp:attachment":[{"href":"https:\/\/www.caririemacao.com\/1\/wp-json\/wp\/v2\/media?parent=308035"}],"wp:term":[{"taxonomy":"category","embeddable":true,"href":"https:\/\/www.caririemacao.com\/1\/wp-json\/wp\/v2\/categories?post=308035"},{"taxonomy":"post_tag","embeddable":true,"href":"https:\/\/www.caririemacao.com\/1\/wp-json\/wp\/v2\/tags?post=308035"}],"curies":[{"name":"wp","href":"https:\/\/api.w.org\/{rel}","templated":true}]}}