{"id":308236,"date":"2025-12-20T09:06:39","date_gmt":"2025-12-20T12:06:39","guid":{"rendered":"https:\/\/www.caririemacao.com\/1\/?p=308236"},"modified":"2025-12-20T09:06:39","modified_gmt":"2025-12-20T12:06:39","slug":"acidente-entre-sume-e-sao-jose-dos-cordeiros-deixa-cinco-feridos","status":"publish","type":"post","link":"https:\/\/www.caririemacao.com\/1\/2025\/12\/20\/acidente-entre-sume-e-sao-jose-dos-cordeiros-deixa-cinco-feridos\/","title":{"rendered":"Acidente entre Sum\u00e9 e S\u00e3o Jos\u00e9 dos Cordeiros deixa cinco feridos"},"content":{"rendered":"<p>Um acidente envolvendo dois ve\u00edculos deixou cinco pessoas feridas na estrada que liga os munic\u00edpios de Sum\u00e9 e S\u00e3o Jos\u00e9 dos Cordeiros, no Cariri da Para\u00edba, na sexta-feira (19). A colis\u00e3o mobilizou equipes de socorro e causou preocupa\u00e7\u00e3o entre moradores da regi\u00e3o.<\/p>\n<p>De acordo com informa\u00e7\u00f5es preliminares, as v\u00edtimas s\u00e3o quatro adultos e uma crian\u00e7a. Felizmente, nenhum dos envolvidos apresentou ferimentos graves. A crian\u00e7a sofreu apenas escoria\u00e7\u00f5es leves pelo corpo.<\/p>\n<p>Ainda segundo os primeiros levantamentos, um dos carros trafegava com os far\u00f3is apagados no momento do acidente, fator que pode ter contribu\u00eddo para a colis\u00e3o. As circunst\u00e2ncias exatas do ocorrido dever\u00e3o ser apuradas pelas autoridades competentes.<\/p>\n<p>Todas as v\u00edtimas foram socorridas pelo Servi\u00e7o de Atendimento M\u00f3vel de Urg\u00eancia (Samu) e encaminhadas para o Hospital e Maternidade Alice de Almeida, no munic\u00edpio de Sum\u00e9, onde passaram por avalia\u00e7\u00e3o m\u00e9dica.<\/p>\n<p>Os condutores dos ve\u00edculos envolvidos s\u00e3o um morador do distrito de Pio X, localizado na zona rural de Sum\u00e9, e um sumeense que atualmente reside em Caruaru, no estado de Pernambuco.<\/p>\n<p>O estado de sa\u00fade das v\u00edtimas \u00e9 considerado est\u00e1vel, e n\u00e3o houve registro de \u00f3bitos. O caso segue sob acompanhamento das autoridades locais.<\/p>\n<p>&nbsp;<\/p>\n<p><strong>CARIRI EM A\u00c7\u00c3O<\/strong><\/p>\n<p><em>Com Sum\u00e9 no Face<\/em><\/p>\n","protected":false},"excerpt":{"rendered":"<p>Um acidente envolvendo dois ve\u00edculos deixou cinco pessoas feridas na estrada que liga os munic\u00edpios de Sum\u00e9 e S\u00e3o Jos\u00e9 dos Cordeiros, no Cariri da Para\u00edba, na sexta-feira (19). A colis\u00e3o mobilizou equipes de socorro e causou preocupa\u00e7\u00e3o entre moradores da regi\u00e3o. De acordo com informa\u00e7\u00f5es preliminares, as v\u00edtimas s\u00e3o quatro adultos e uma crian\u00e7a. Felizmente, nenhum dos envolvidos apresentou ferimentos graves. A crian\u00e7a sofreu apenas escoria\u00e7\u00f5es leves pelo corpo. Ainda segundo os primeiros levantamentos, um dos carros trafegava com os far\u00f3is apagados no momento do acidente, fator que pode ter contribu\u00eddo para a colis\u00e3o. As circunst\u00e2ncias exatas do ocorrido dever\u00e3o ser apuradas pelas autoridades competentes. Todas as v\u00edtimas foram socorridas pelo Servi\u00e7o de Atendimento M\u00f3vel de Urg\u00eancia (Samu) e encaminhadas para o Hospital e Maternidade Alice de Almeida, no munic\u00edpio de Sum\u00e9, onde passaram por avalia\u00e7\u00e3o m\u00e9dica. Os condutores dos ve\u00edculos envolvidos s\u00e3o um morador do distrito de Pio X, localizado na zona rural de Sum\u00e9, e um sumeense que atualmente reside em Caruaru, no estado de Pernambuco. O estado de sa\u00fade das v\u00edtimas \u00e9 considerado est\u00e1vel, e n\u00e3o houve registro de \u00f3bitos. O caso segue sob acompanhamento das autoridades locais. &nbsp; CARIRI EM A\u00c7\u00c3O Com Sum\u00e9 no Face<\/p>\n","protected":false},"author":6,"featured_media":308237,"comment_status":"closed","ping_status":"closed","sticky":false,"template":"","format":"standard","meta":{"sfsi_plus_gutenberg_text_before_share":"","sfsi_plus_gutenberg_show_text_before_share":"","sfsi_plus_gutenberg_icon_type":"","sfsi_plus_gutenberg_icon_alignemt":"","sfsi_plus_gutenburg_max_per_row":"","footnotes":""},"categories":[50,2,91,95],"tags":[],"class_list":["post-308236","post","type-post","status-publish","format-standard","has-post-thumbnail","hentry","category-destaque","category-geral","category-sao-jose-dos-cordeiros","category-sume"],"_links":{"self":[{"href":"https:\/\/www.caririemacao.com\/1\/wp-json\/wp\/v2\/posts\/308236","targetHints":{"allow":["GET"]}}],"collection":[{"href":"https:\/\/www.caririemacao.com\/1\/wp-json\/wp\/v2\/posts"}],"about":[{"href":"https:\/\/www.caririemacao.com\/1\/wp-json\/wp\/v2\/types\/post"}],"author":[{"embeddable":true,"href":"https:\/\/www.caririemacao.com\/1\/wp-json\/wp\/v2\/users\/6"}],"replies":[{"embeddable":true,"href":"https:\/\/www.caririemacao.com\/1\/wp-json\/wp\/v2\/comments?post=308236"}],"version-history":[{"count":1,"href":"https:\/\/www.caririemacao.com\/1\/wp-json\/wp\/v2\/posts\/308236\/revisions"}],"predecessor-version":[{"id":308238,"href":"https:\/\/www.caririemacao.com\/1\/wp-json\/wp\/v2\/posts\/308236\/revisions\/308238"}],"wp:featuredmedia":[{"embeddable":true,"href":"https:\/\/www.caririemacao.com\/1\/wp-json\/wp\/v2\/media\/308237"}],"wp:attachment":[{"href":"https:\/\/www.caririemacao.com\/1\/wp-json\/wp\/v2\/media?parent=308236"}],"wp:term":[{"taxonomy":"category","embeddable":true,"href":"https:\/\/www.caririemacao.com\/1\/wp-json\/wp\/v2\/categories?post=308236"},{"taxonomy":"post_tag","embeddable":true,"href":"https:\/\/www.caririemacao.com\/1\/wp-json\/wp\/v2\/tags?post=308236"}],"curies":[{"name":"wp","href":"https:\/\/api.w.org\/{rel}","templated":true}]}}