{"id":308417,"date":"2025-12-27T08:14:30","date_gmt":"2025-12-27T11:14:30","guid":{"rendered":"https:\/\/www.caririemacao.com\/1\/?p=308417"},"modified":"2025-12-27T08:14:30","modified_gmt":"2025-12-27T11:14:30","slug":"bolsonaro-inicia-reabilitacao-pos-operatoria","status":"publish","type":"post","link":"https:\/\/www.caririemacao.com\/1\/2025\/12\/27\/bolsonaro-inicia-reabilitacao-pos-operatoria\/","title":{"rendered":"Bolsonaro inicia reabilita\u00e7\u00e3o p\u00f3s-operat\u00f3ria"},"content":{"rendered":"<div class=\"header-noticia full-width\">\n<div class=\"linha-fina-noticia\" style=\"text-align: center;\"><strong>Ex-presidente usa medica\u00e7\u00e3o para prevenir trombose<\/strong><\/div>\n<div><\/div>\n<div>\n<p>O ex-presidente Jair Bolsonaro continua internado em Bras\u00edlia (DF), ap\u00f3s a cirurgia para tratar uma h\u00e9rnia inguinal bilateral. De acordo com boletim m\u00e9dico divulgado na tarde de ontem sexta-feira (26), <strong>ele iniciou reabilita\u00e7\u00e3o com fisioterapia, otimiza\u00e7\u00e3o de analgesia e medidas farmacol\u00f3gicas para preven\u00e7\u00e3o de trombose.<\/strong><img decoding=\"async\" src=\"https:\/\/agenciabrasil.ebc.com.br\/ebc.png?id=1673458&amp;o=node\" \/><img decoding=\"async\" src=\"https:\/\/agenciabrasil.ebc.com.br\/ebc.gif?id=1673458&amp;o=node\" \/><\/p>\n<blockquote><p>\u201cForam realizados ajustes das medica\u00e7\u00f5es para solu\u00e7o e para doen\u00e7a do refluxo gastro-esof\u00e1gico. No dia de hoje, n\u00e3o h\u00e1 previs\u00e3o de novos exames complementares ou procedimentos\u201d, diz o boletim assinado pela equipe m\u00e9dica.<\/p><\/blockquote>\n<p>Na manh\u00e3 desta quinta-feira (25), Bolsonaro foi submetido ao procedimento em um hospital particular da capital federal, com\u00a0autoriza\u00e7\u00e3o do ministro Alexandre de Moraes, do Supremo Tribunal Federal (STF). A cirurgia demorou mais de tr\u00eas horas e, segundo os m\u00e9dicos respons\u00e1veis, transcorreu conforme o previsto.<\/p>\n<p>Em entrevista \u00e0 imprensa nesta quinta-feira (25), o cirurgi\u00e3o Cl\u00e1udio Birolini explicou que a h\u00e9rnia identificada do lado esquerdo do abd\u00f4men ainda estava em fase inicial, sendo menor que a existente do lado direito, mas a equipe m\u00e9dica concluiu que seria mais oportuno oper\u00e1-la agora, para tentar evitar uma futura cirurgia para tratar o problema.<\/p>\n<p>Durante a cirurgia, feita sob anestesia geral, os m\u00e9dicos implantaram uma tela de polipropileno na parte interna da parede abdominal, refor\u00e7ando-a para evitar a ocorr\u00eancia de outras h\u00e9rnias.\u00a0<strong>A previs\u00e3o inicial \u00e9 que Bolsonaro demore entre cinco e sete dias para a recupera\u00e7\u00e3o.<\/strong><\/p>\n<p>Esta \u00e9 a oitava cirurgia a que Bolsonaro \u00e9 submetido ap\u00f3s a facada que sofreu na campanha eleitoral de 2018, em Juiz de Fora (MG).<\/p>\n<p><strong>Al\u00e9m disso, os m\u00e9dicos v\u00e3o reavaliar a necessidade de um procedimento para tentar sanar os solu\u00e7os recorrentes que h\u00e1 meses acometem o ex-presidente. Os solu\u00e7os preocupam por afetar e prejudicar a respira\u00e7\u00e3o e o sono de Bolsonaro, gerando cansa\u00e7o adicional e atrapalhando a recupera\u00e7\u00e3o do ex-presidente.<\/strong><\/p>\n<h2>Vigil\u00e2ncia<\/h2>\n<p>Condenado pela trama golpista que culminou com os ataques \u00e0s sedes do Tr\u00eas Poderes, em Bras\u00edlia, em 8 de janeiro de 2023,\u00a0Bolsonaro cumpre pena de 27 anos e tr\u00eas meses de pris\u00e3o. Por determina\u00e7\u00e3o do ministro Alexandre de Moraes, ele est\u00e1 detido na Superintend\u00eancia da Pol\u00edcia Federal (PF), em Bras\u00edlia, desde 25 de novembro.<\/p>\n<p>Por determina\u00e7\u00e3o judicial, enquanto estiver internado, o ex-presidente dever\u00e1 ser vigiado 24 horas por dia, com manuten\u00e7\u00e3o de dois agentes na porta do quarto, al\u00e9m de outras equipes dentro e fora do hospital.<\/p>\n<p>FONTE: Ag\u00eancia Brasil<\/p>\n<\/div>\n<\/div>\n<div class=\"subheader\">\n<div class=\"container-autoria\" style=\"text-align: center;\"><\/div>\n<\/div>\n","protected":false},"excerpt":{"rendered":"<p>Ex-presidente usa medica\u00e7\u00e3o para prevenir trombose O ex-presidente Jair Bolsonaro continua internado em Bras\u00edlia (DF), ap\u00f3s a cirurgia para tratar uma h\u00e9rnia inguinal bilateral. De acordo com boletim m\u00e9dico divulgado na tarde de ontem sexta-feira (26), ele iniciou reabilita\u00e7\u00e3o com fisioterapia, otimiza\u00e7\u00e3o de analgesia e medidas farmacol\u00f3gicas para preven\u00e7\u00e3o de trombose. \u201cForam realizados ajustes das medica\u00e7\u00f5es para solu\u00e7o e para doen\u00e7a do refluxo gastro-esof\u00e1gico. No dia de hoje, n\u00e3o h\u00e1 previs\u00e3o de novos exames complementares ou procedimentos\u201d, diz o boletim assinado pela equipe m\u00e9dica. Na manh\u00e3 desta quinta-feira (25), Bolsonaro foi submetido ao procedimento em um hospital particular da capital federal, com\u00a0autoriza\u00e7\u00e3o do ministro Alexandre de Moraes, do Supremo Tribunal Federal (STF). A cirurgia demorou mais de tr\u00eas horas e, segundo os m\u00e9dicos respons\u00e1veis, transcorreu conforme o previsto. Em entrevista \u00e0 imprensa nesta quinta-feira (25), o cirurgi\u00e3o Cl\u00e1udio Birolini explicou que a h\u00e9rnia identificada do lado esquerdo do abd\u00f4men ainda estava em fase inicial, sendo menor que a existente do lado direito, mas a equipe m\u00e9dica concluiu que seria mais oportuno oper\u00e1-la agora, para tentar evitar uma futura cirurgia para tratar o problema. Durante a cirurgia, feita sob anestesia geral, os m\u00e9dicos implantaram uma tela de polipropileno na parte interna da parede abdominal, refor\u00e7ando-a para evitar a ocorr\u00eancia de outras h\u00e9rnias.\u00a0A previs\u00e3o inicial \u00e9 que Bolsonaro demore entre cinco e sete dias para a recupera\u00e7\u00e3o. Esta \u00e9 a oitava cirurgia a que Bolsonaro \u00e9 submetido ap\u00f3s a facada que sofreu na campanha eleitoral de 2018, em Juiz de Fora (MG). Al\u00e9m disso, os m\u00e9dicos v\u00e3o reavaliar a necessidade de um procedimento para tentar sanar os solu\u00e7os recorrentes que h\u00e1 meses acometem o ex-presidente. Os solu\u00e7os preocupam por afetar e prejudicar a respira\u00e7\u00e3o e o sono de Bolsonaro, gerando cansa\u00e7o adicional e atrapalhando a recupera\u00e7\u00e3o do ex-presidente. Vigil\u00e2ncia Condenado pela trama golpista que culminou com os ataques \u00e0s sedes do Tr\u00eas Poderes, em Bras\u00edlia, em 8 de janeiro de 2023,\u00a0Bolsonaro cumpre pena de 27 anos e tr\u00eas meses de pris\u00e3o. Por determina\u00e7\u00e3o do ministro Alexandre de Moraes, ele est\u00e1 detido na Superintend\u00eancia da Pol\u00edcia Federal (PF), em Bras\u00edlia, desde 25 de novembro. Por determina\u00e7\u00e3o judicial, enquanto estiver internado, o ex-presidente dever\u00e1 ser vigiado 24 horas por dia, com manuten\u00e7\u00e3o de dois agentes na porta do quarto, al\u00e9m de outras equipes dentro e fora do hospital. FONTE: Ag\u00eancia Brasil<\/p>\n","protected":false},"author":6,"featured_media":308418,"comment_status":"closed","ping_status":"closed","sticky":false,"template":"","format":"standard","meta":{"sfsi_plus_gutenberg_text_before_share":"","sfsi_plus_gutenberg_show_text_before_share":"","sfsi_plus_gutenberg_icon_type":"","sfsi_plus_gutenberg_icon_alignemt":"","sfsi_plus_gutenburg_max_per_row":"","footnotes":""},"categories":[50],"tags":[],"class_list":["post-308417","post","type-post","status-publish","format-standard","has-post-thumbnail","hentry","category-destaque"],"_links":{"self":[{"href":"https:\/\/www.caririemacao.com\/1\/wp-json\/wp\/v2\/posts\/308417","targetHints":{"allow":["GET"]}}],"collection":[{"href":"https:\/\/www.caririemacao.com\/1\/wp-json\/wp\/v2\/posts"}],"about":[{"href":"https:\/\/www.caririemacao.com\/1\/wp-json\/wp\/v2\/types\/post"}],"author":[{"embeddable":true,"href":"https:\/\/www.caririemacao.com\/1\/wp-json\/wp\/v2\/users\/6"}],"replies":[{"embeddable":true,"href":"https:\/\/www.caririemacao.com\/1\/wp-json\/wp\/v2\/comments?post=308417"}],"version-history":[{"count":1,"href":"https:\/\/www.caririemacao.com\/1\/wp-json\/wp\/v2\/posts\/308417\/revisions"}],"predecessor-version":[{"id":308419,"href":"https:\/\/www.caririemacao.com\/1\/wp-json\/wp\/v2\/posts\/308417\/revisions\/308419"}],"wp:featuredmedia":[{"embeddable":true,"href":"https:\/\/www.caririemacao.com\/1\/wp-json\/wp\/v2\/media\/308418"}],"wp:attachment":[{"href":"https:\/\/www.caririemacao.com\/1\/wp-json\/wp\/v2\/media?parent=308417"}],"wp:term":[{"taxonomy":"category","embeddable":true,"href":"https:\/\/www.caririemacao.com\/1\/wp-json\/wp\/v2\/categories?post=308417"},{"taxonomy":"post_tag","embeddable":true,"href":"https:\/\/www.caririemacao.com\/1\/wp-json\/wp\/v2\/tags?post=308417"}],"curies":[{"name":"wp","href":"https:\/\/api.w.org\/{rel}","templated":true}]}}