{"id":308420,"date":"2025-12-27T08:18:34","date_gmt":"2025-12-27T11:18:34","guid":{"rendered":"https:\/\/www.caririemacao.com\/1\/?p=308420"},"modified":"2025-12-27T08:18:34","modified_gmt":"2025-12-27T11:18:34","slug":"frei-gilson-se-apresenta-em-show-gratuito-em-joao-pessoa-neste-sabado","status":"publish","type":"post","link":"https:\/\/www.caririemacao.com\/1\/2025\/12\/27\/frei-gilson-se-apresenta-em-show-gratuito-em-joao-pessoa-neste-sabado\/","title":{"rendered":"Frei Gilson se apresenta em show gratuito em Jo\u00e3o Pessoa neste s\u00e1bado"},"content":{"rendered":"<div class=\"row content-head mc-column non-featured \">\n<div class=\"medium-centered subtitle\">\n<p class=\"content-head__subtitle\"><em><strong>Apresenta\u00e7\u00e3o faz parte da programa\u00e7\u00e3o do Celebra Jo\u00e3o Pessoa. Expectativa \u00e9 de p\u00fablico de 300 mil pessoas.<\/strong><\/em><\/p>\n<\/div>\n<\/div>\n<div class=\"content__signa-share mc-column\">\n<div class=\"content__signature\">\n<div class=\"content-publication-data\">\n<div id=\"chunk-4un40\">\n<div class=\"mc-column content-text active-extra-styles \" data-block-type=\"unstyled\" data-block-weight=\"44\" data-block-id=\"3\">\n<p class=\" content-text__container \" data-track-category=\"Link no Texto\" data-track-links=\"\" data-mrf-recirculation=\"Mat\u00e9ria - Links no Texto\">Jo\u00e3o Pessoa\u00a0recebe, neste s\u00e1bado (27), o show gratuito de Frei Gilson. A apresenta\u00e7\u00e3o do sacerdote acontece no Busto de Tamandar\u00e9, entre as praias de Cabo Branco e Tamba\u00fa, como parte da programa\u00e7\u00e3o do evento Celebra Jo\u00e3o Pessoa, promovido pela Arquidiocese da Para\u00edba.<\/p>\n<\/div>\n<\/div>\n<div class=\"wall protected-content\">\n<div id=\"chunk-erbuj\">\n<div class=\"mc-column content-text active-extra-styles \" data-block-type=\"unstyled\" data-block-weight=\"43\" data-block-id=\"5\">\n<p class=\" content-text__container \" data-track-category=\"Link no Texto\" data-track-links=\"\" data-mrf-recirculation=\"Mat\u00e9ria - Links no Texto\">O Celebra Jo\u00e3o Pessoa est\u00e1 previsto para come\u00e7ar \u00e0s 14h30, com momentos de ora\u00e7\u00e3o e apresenta\u00e7\u00f5es de outras atra\u00e7\u00f5es. Frei Gilson ser\u00e1 a \u00faltima atra\u00e7\u00e3o e deve subir ao palco a partir das 18h30.<strong><em>\u00a0<\/em><\/strong><\/p>\n<div id=\"chunk-ft2ki\">\n<div class=\"mc-column content-text active-extra-styles \" data-block-type=\"unstyled\" data-block-weight=\"43\" data-block-id=\"9\">\n<p class=\" content-text__container \" data-track-category=\"Link no Texto\" data-track-links=\"\" data-mrf-recirculation=\"Mat\u00e9ria - Links no Texto\">Al\u00e9m de Frei Gilson, est\u00e3o confirmados shows de Padre Sandro Santos, Padre Nilson Nunes, Padre Puam Ramos e Padre Bruno Costa. O show de Frei Gilson ter\u00e1\u00a0transmiss\u00e3o ao vivo pelo RedeOn,\u00a0aplicativo da Rede Para\u00edba, e tamb\u00e9m pelo Jornal da Para\u00edba.<\/p>\n<\/div>\n<\/div>\n<div id=\"chunk-db53v\">\n<div class=\"mc-column content-text active-extra-styles \" data-block-type=\"unstyled\" data-block-weight=\"19\" data-block-id=\"10\">\n<p class=\" content-text__container \" data-track-category=\"Link no Texto\" data-track-links=\"\" data-mrf-recirculation=\"Mat\u00e9ria - Links no Texto\">A organiza\u00e7\u00e3o do evento estima que cerca de 300 mil pessoas acompanhem os shows na orla da capital paraibana.<\/p>\n<\/div>\n<\/div>\n<div id=\"chunk-a50vm\">\n<div class=\"mc-column content-text active-extra-styles\" data-block-type=\"raw\" data-block-weight=\"52\" data-block-id=\"11\">\n<blockquote class=\"content-blockquote theme-border-color-primary-before\"><p>\u201cA gente pretende celebrar, neste fim de ano, tudo aquilo que n\u00f3s vivemos neste ano especial para a Igreja Cat\u00f3lica de um modo geral e tamb\u00e9m para a Arquidiocese da Para\u00edba, porque n\u00f3s vivemos o Ano Jubilar que estamos concluindo\u201d, ressaltou o padre M\u00e1rio Costa, respons\u00e1vel pela comunica\u00e7\u00e3o da Arquidiocese da Para\u00edba.<\/p><\/blockquote>\n<\/div>\n<\/div>\n<div id=\"chunk-3gmsv\">\n<div class=\"mc-column content-text active-extra-styles \" data-block-type=\"unstyled\" data-block-weight=\"63\" data-block-id=\"12\">\n<p class=\" content-text__container \" data-track-category=\"Link no Texto\" data-track-links=\"\" data-mrf-recirculation=\"Mat\u00e9ria - Links no Texto\">O superintendente de Mobilidade Urbana de Jo\u00e3o Pessoa, Expedito Leite, informou que o plano de mobilidade e seguran\u00e7a para o Celebra Jo\u00e3o Pessoa seguir\u00e1 o modelo do que foi realizado no show de Roberto Carlos, que aconteceu no dia 5 de agosto, anivers\u00e1rio da cidade. Ser\u00e3o 100 agentes de tr\u00e2nsito, 15 viaturas, al\u00e9m da parceria com Samu, Bombeiros, Pol\u00edcia Militar e Pol\u00edcia Civil.<\/p>\n<\/div>\n<\/div>\n<div id=\"chunk-dtodg\">\n<div class=\"mc-column content-text active-extra-styles\" data-block-type=\"raw\" data-block-weight=\"5\" data-block-id=\"13\">\n<div class=\"content-intertitle\">\n<h2>Plano de tr\u00e2nsito e transporte<\/h2>\n<\/div>\n<\/div>\n<\/div>\n<div id=\"chunk-325kb\">\n<div class=\"mc-column content-text active-extra-styles \" data-block-type=\"unstyled\" data-block-weight=\"45\" data-block-id=\"14\">\n<p class=\" content-text__container \" data-track-category=\"Link no Texto\" data-track-links=\"\" data-mrf-recirculation=\"Mat\u00e9ria - Links no Texto\">A Semob tamb\u00e9m vai disponibilizar locais espec\u00edficos para embarques e desembarques de caravanas e refor\u00e7o nas linhas de \u00f4nibus, com ve\u00edculos extras. O tenente-coronel Alysson, da Pol\u00edcia Militar, informou que o evento ter\u00e1 320 agentes, quatro equipes da Rotam, cavalaria, quadriciclos e pontos de observa\u00e7\u00e3o.<\/p>\n<\/div>\n<\/div>\n<div id=\"chunk-7a1fv\">\n<div class=\"content-ads content-ads--reveal\" data-block-type=\"ads\" data-block-id=\"15\">\n<div id=\"banner_materia__5b09be72-31c6-4a83-9565-baa6713ce706\" class=\"tag-manager-publicidade-container tag-manager-publicidade-banner_materia__5b09be72-31c6-4a83-9565-baa6713ce706 tag-manager-publicidade-container--carregado tag-manager-publicidade-container--visivel\" data-google-query-id=\"CIKAqZHS3ZEDFXOwlQIdzAc4kw\">\n<div id=\"chunk-hiu8\">\n<div class=\"mc-column content-text active-extra-styles \" data-block-type=\"unstyled\" data-block-weight=\"44\" data-block-id=\"16\">\n<p class=\" content-text__container \" data-track-category=\"Link no Texto\" data-track-links=\"\" data-mrf-recirculation=\"Mat\u00e9ria - Links no Texto\">As linhas de \u00f4nibus que atendem os bairros de Cabo Branco e Tamba\u00fa ter\u00e3o refor\u00e7o antes e ap\u00f3s o evento. Est\u00e3o previstas as linhas 507-Cabo Branco, 510-Tamba\u00fa, 521-Mana\u00edra\/Bessa, 1500-Circular, 5100-Circular, 5600-Mangabeira Shopping, 5603-Mangabeira VII e 5605-Mangabeira Shopping, al\u00e9m da disponibiliza\u00e7\u00e3o de dez ve\u00edculos extras.<\/p>\n<\/div>\n<\/div>\n<div id=\"chunk-a3gha\">\n<div class=\"mc-column content-text active-extra-styles \" data-block-type=\"unstyled\" data-block-weight=\"11\" data-block-id=\"17\">\n<p class=\" content-text__container \" data-track-category=\"Link no Texto\" data-track-links=\"\" data-mrf-recirculation=\"Mat\u00e9ria - Links no Texto\">Confira os hor\u00e1rios e apresenta\u00e7\u00f5es das atra\u00e7\u00f5es do \u2018Celebra Jo\u00e3o Pessoa\u2019:<\/p>\n<\/div>\n<\/div>\n<div id=\"chunk-4nnl2\">\n<div class=\"mc-column content-text active-extra-styles\" data-block-type=\"raw\" data-block-weight=\"7\" data-block-id=\"18\">\n<div class=\"content-intertitle\">\n<h2>Hor\u00e1rios a atra\u00e7\u00f5es do Celebra Jo\u00e3o Pessoa<\/h2>\n<\/div>\n<\/div>\n<\/div>\n<div id=\"chunk-jgri\">\n<div class=\"mc-column content-text active-extra-styles\" data-block-type=\"raw\" data-block-weight=\"29\" data-block-id=\"19\">\n<ul class=\"content-unordered-list\" data-mrf-recirculation=\"Mat\u00e9ria - Leia Tamb\u00e9m (Lista)\">\n<li>14:30 &#8211; Padre Sandro Santos &amp; Madre Germana<\/li>\n<li>15:20 \u2013 Padre Puan Ramos<\/li>\n<li>16:00 \u2013 Padre Nilson Nunes<\/li>\n<li>17:00 \u2013 Padre Bruno Costa (Can\u00e7\u00e3o Nova)<\/li>\n<li>18:30 \u2013 Frei Gilson<\/li>\n<\/ul>\n<p>FONTE: G1<\/p>\n<\/div>\n<\/div>\n<\/div>\n<\/div>\n<\/div>\n<\/div>\n<\/div>\n<\/div>\n<\/div>\n<\/div>\n<\/div>\n","protected":false},"excerpt":{"rendered":"<p>Apresenta\u00e7\u00e3o faz parte da programa\u00e7\u00e3o do Celebra Jo\u00e3o Pessoa. Expectativa \u00e9 de p\u00fablico de 300 mil pessoas. Jo\u00e3o Pessoa\u00a0recebe, neste s\u00e1bado (27), o show gratuito de Frei Gilson. A apresenta\u00e7\u00e3o do sacerdote acontece no Busto de Tamandar\u00e9, entre as praias de Cabo Branco e Tamba\u00fa, como parte da programa\u00e7\u00e3o do evento Celebra Jo\u00e3o Pessoa, promovido pela Arquidiocese da Para\u00edba. O Celebra Jo\u00e3o Pessoa est\u00e1 previsto para come\u00e7ar \u00e0s 14h30, com momentos de ora\u00e7\u00e3o e apresenta\u00e7\u00f5es de outras atra\u00e7\u00f5es. Frei Gilson ser\u00e1 a \u00faltima atra\u00e7\u00e3o e deve subir ao palco a partir das 18h30.\u00a0 Al\u00e9m de Frei Gilson, est\u00e3o confirmados shows de Padre Sandro Santos, Padre Nilson Nunes, Padre Puam Ramos e Padre Bruno Costa. O show de Frei Gilson ter\u00e1\u00a0transmiss\u00e3o ao vivo pelo RedeOn,\u00a0aplicativo da Rede Para\u00edba, e tamb\u00e9m pelo Jornal da Para\u00edba. A organiza\u00e7\u00e3o do evento estima que cerca de 300 mil pessoas acompanhem os shows na orla da capital paraibana. \u201cA gente pretende celebrar, neste fim de ano, tudo aquilo que n\u00f3s vivemos neste ano especial para a Igreja Cat\u00f3lica de um modo geral e tamb\u00e9m para a Arquidiocese da Para\u00edba, porque n\u00f3s vivemos o Ano Jubilar que estamos concluindo\u201d, ressaltou o padre M\u00e1rio Costa, respons\u00e1vel pela comunica\u00e7\u00e3o da Arquidiocese da Para\u00edba. O superintendente de Mobilidade Urbana de Jo\u00e3o Pessoa, Expedito Leite, informou que o plano de mobilidade e seguran\u00e7a para o Celebra Jo\u00e3o Pessoa seguir\u00e1 o modelo do que foi realizado no show de Roberto Carlos, que aconteceu no dia 5 de agosto, anivers\u00e1rio da cidade. Ser\u00e3o 100 agentes de tr\u00e2nsito, 15 viaturas, al\u00e9m da parceria com Samu, Bombeiros, Pol\u00edcia Militar e Pol\u00edcia Civil. Plano de tr\u00e2nsito e transporte A Semob tamb\u00e9m vai disponibilizar locais espec\u00edficos para embarques e desembarques de caravanas e refor\u00e7o nas linhas de \u00f4nibus, com ve\u00edculos extras. O tenente-coronel Alysson, da Pol\u00edcia Militar, informou que o evento ter\u00e1 320 agentes, quatro equipes da Rotam, cavalaria, quadriciclos e pontos de observa\u00e7\u00e3o. As linhas de \u00f4nibus que atendem os bairros de Cabo Branco e Tamba\u00fa ter\u00e3o refor\u00e7o antes e ap\u00f3s o evento. Est\u00e3o previstas as linhas 507-Cabo Branco, 510-Tamba\u00fa, 521-Mana\u00edra\/Bessa, 1500-Circular, 5100-Circular, 5600-Mangabeira Shopping, 5603-Mangabeira VII e 5605-Mangabeira Shopping, al\u00e9m da disponibiliza\u00e7\u00e3o de dez ve\u00edculos extras. Confira os hor\u00e1rios e apresenta\u00e7\u00f5es das atra\u00e7\u00f5es do \u2018Celebra Jo\u00e3o Pessoa\u2019: Hor\u00e1rios a atra\u00e7\u00f5es do Celebra Jo\u00e3o Pessoa 14:30 &#8211; Padre Sandro Santos &amp; Madre Germana 15:20 \u2013 Padre Puan Ramos 16:00 \u2013 Padre Nilson Nunes 17:00 \u2013 Padre Bruno Costa (Can\u00e7\u00e3o Nova) 18:30 \u2013 Frei Gilson FONTE: G1<\/p>\n","protected":false},"author":6,"featured_media":308421,"comment_status":"closed","ping_status":"closed","sticky":false,"template":"","format":"standard","meta":{"sfsi_plus_gutenberg_text_before_share":"","sfsi_plus_gutenberg_show_text_before_share":"","sfsi_plus_gutenberg_icon_type":"","sfsi_plus_gutenberg_icon_alignemt":"","sfsi_plus_gutenburg_max_per_row":"","footnotes":""},"categories":[50,115],"tags":[],"class_list":["post-308420","post","type-post","status-publish","format-standard","has-post-thumbnail","hentry","category-destaque","category-joao-pessoa"],"_links":{"self":[{"href":"https:\/\/www.caririemacao.com\/1\/wp-json\/wp\/v2\/posts\/308420","targetHints":{"allow":["GET"]}}],"collection":[{"href":"https:\/\/www.caririemacao.com\/1\/wp-json\/wp\/v2\/posts"}],"about":[{"href":"https:\/\/www.caririemacao.com\/1\/wp-json\/wp\/v2\/types\/post"}],"author":[{"embeddable":true,"href":"https:\/\/www.caririemacao.com\/1\/wp-json\/wp\/v2\/users\/6"}],"replies":[{"embeddable":true,"href":"https:\/\/www.caririemacao.com\/1\/wp-json\/wp\/v2\/comments?post=308420"}],"version-history":[{"count":1,"href":"https:\/\/www.caririemacao.com\/1\/wp-json\/wp\/v2\/posts\/308420\/revisions"}],"predecessor-version":[{"id":308422,"href":"https:\/\/www.caririemacao.com\/1\/wp-json\/wp\/v2\/posts\/308420\/revisions\/308422"}],"wp:featuredmedia":[{"embeddable":true,"href":"https:\/\/www.caririemacao.com\/1\/wp-json\/wp\/v2\/media\/308421"}],"wp:attachment":[{"href":"https:\/\/www.caririemacao.com\/1\/wp-json\/wp\/v2\/media?parent=308420"}],"wp:term":[{"taxonomy":"category","embeddable":true,"href":"https:\/\/www.caririemacao.com\/1\/wp-json\/wp\/v2\/categories?post=308420"},{"taxonomy":"post_tag","embeddable":true,"href":"https:\/\/www.caririemacao.com\/1\/wp-json\/wp\/v2\/tags?post=308420"}],"curies":[{"name":"wp","href":"https:\/\/api.w.org\/{rel}","templated":true}]}}