{"id":308630,"date":"2026-01-03T16:16:57","date_gmt":"2026-01-03T19:16:57","guid":{"rendered":"https:\/\/www.caririemacao.com\/1\/?p=308630"},"modified":"2026-01-03T16:16:57","modified_gmt":"2026-01-03T19:16:57","slug":"devolvida-imagem-do-menino-jesus-que-foi-furtada-de-igreja-na-cidade-de-queimadas","status":"publish","type":"post","link":"https:\/\/www.caririemacao.com\/1\/2026\/01\/03\/devolvida-imagem-do-menino-jesus-que-foi-furtada-de-igreja-na-cidade-de-queimadas\/","title":{"rendered":"Devolvida imagem do Menino Jesus que foi furtada de igreja na cidade de Queimadas"},"content":{"rendered":"<div id=\"chunk-8diae\">\n<div class=\"mc-column content-text active-extra-styles \" data-block-type=\"unstyled\" data-block-weight=\"38\" data-block-id=\"3\"><\/div>\n<\/div>\n<div class=\"wall protected-content\">\n<div id=\"chunk-8v4vq\">\n<div class=\"mc-column content-text active-extra-styles \" data-block-type=\"unstyled\" data-block-weight=\"30\" data-block-id=\"6\">\n<p>Foi devolvida neste s\u00e1bado (3) uma imagem do Menino Jesus, que foi roubada da par\u00f3quia Nossa Senhora da Guia, na cidade de\u00a0Queimadas, no Agreste da Para\u00edba, na manh\u00e3 desta sexta-feira (2). A informa\u00e7\u00e3o foi confirmada pela par\u00f3quia.<\/p>\n<p>Em nota, a par\u00f3quia agradeceu, mas n\u00e3o detalhou quem fez a devolu\u00e7\u00e3o da imagem nem onde o item estava.<\/p>\n<p>Anteriormente, a par\u00f3quia havia informado que um boletim de ocorr\u00eancia foi registrado e pedido cautela sobre imagens de um suposto suspeito que estariam circulando por meio das redes sociais.<\/p>\n<p>\u201cEsclarecemos ainda que circulam nas redes sociais imagens de c\u00e2meras de seguran\u00e7a de um poss\u00edvel suspeito. No entanto, n\u00e3o h\u00e1 confirma\u00e7\u00e3o oficial sobre a autoria do furto existindo apenas relatos informais de populares. solicitamos prud\u00eancia, evitando conclus\u00f5es precipitadas ou exposi\u00e7\u00f5es indevidas\u201d.<\/p>\n<\/div>\n<p>G1\/PB<\/p>\n<\/div>\n<div id=\"chunk-c9vlp\">\n<div class=\"cxm-block-video content-media mc-column \" data-block-type=\"backstage-video\" data-block-id=\"9\">\n<div class=\"cxm-block-video__container cxm-block-video__container--fallback \">\n<div class=\"cxm-block-video__caption-container\"><\/div>\n<\/div>\n<\/div>\n<\/div>\n<\/div>\n","protected":false},"excerpt":{"rendered":"<p>Foi devolvida neste s\u00e1bado (3) uma imagem do Menino Jesus, que foi roubada da par\u00f3quia Nossa Senhora da Guia, na cidade de\u00a0Queimadas, no Agreste da Para\u00edba, na manh\u00e3 desta sexta-feira (2). A informa\u00e7\u00e3o foi confirmada pela par\u00f3quia. Em nota, a par\u00f3quia agradeceu, mas n\u00e3o detalhou quem fez a devolu\u00e7\u00e3o da imagem nem onde o item estava. Anteriormente, a par\u00f3quia havia informado que um boletim de ocorr\u00eancia foi registrado e pedido cautela sobre imagens de um suposto suspeito que estariam circulando por meio das redes sociais. \u201cEsclarecemos ainda que circulam nas redes sociais imagens de c\u00e2meras de seguran\u00e7a de um poss\u00edvel suspeito. No entanto, n\u00e3o h\u00e1 confirma\u00e7\u00e3o oficial sobre a autoria do furto existindo apenas relatos informais de populares. solicitamos prud\u00eancia, evitando conclus\u00f5es precipitadas ou exposi\u00e7\u00f5es indevidas\u201d. G1\/PB<\/p>\n","protected":false},"author":6,"featured_media":308631,"comment_status":"closed","ping_status":"closed","sticky":false,"template":"","format":"standard","meta":{"sfsi_plus_gutenberg_text_before_share":"","sfsi_plus_gutenberg_show_text_before_share":"","sfsi_plus_gutenberg_icon_type":"","sfsi_plus_gutenberg_icon_alignemt":"","sfsi_plus_gutenburg_max_per_row":"","footnotes":""},"categories":[50,2,104],"tags":[],"class_list":["post-308630","post","type-post","status-publish","format-standard","has-post-thumbnail","hentry","category-destaque","category-geral","category-paraiba"],"_links":{"self":[{"href":"https:\/\/www.caririemacao.com\/1\/wp-json\/wp\/v2\/posts\/308630","targetHints":{"allow":["GET"]}}],"collection":[{"href":"https:\/\/www.caririemacao.com\/1\/wp-json\/wp\/v2\/posts"}],"about":[{"href":"https:\/\/www.caririemacao.com\/1\/wp-json\/wp\/v2\/types\/post"}],"author":[{"embeddable":true,"href":"https:\/\/www.caririemacao.com\/1\/wp-json\/wp\/v2\/users\/6"}],"replies":[{"embeddable":true,"href":"https:\/\/www.caririemacao.com\/1\/wp-json\/wp\/v2\/comments?post=308630"}],"version-history":[{"count":1,"href":"https:\/\/www.caririemacao.com\/1\/wp-json\/wp\/v2\/posts\/308630\/revisions"}],"predecessor-version":[{"id":308632,"href":"https:\/\/www.caririemacao.com\/1\/wp-json\/wp\/v2\/posts\/308630\/revisions\/308632"}],"wp:featuredmedia":[{"embeddable":true,"href":"https:\/\/www.caririemacao.com\/1\/wp-json\/wp\/v2\/media\/308631"}],"wp:attachment":[{"href":"https:\/\/www.caririemacao.com\/1\/wp-json\/wp\/v2\/media?parent=308630"}],"wp:term":[{"taxonomy":"category","embeddable":true,"href":"https:\/\/www.caririemacao.com\/1\/wp-json\/wp\/v2\/categories?post=308630"},{"taxonomy":"post_tag","embeddable":true,"href":"https:\/\/www.caririemacao.com\/1\/wp-json\/wp\/v2\/tags?post=308630"}],"curies":[{"name":"wp","href":"https:\/\/api.w.org\/{rel}","templated":true}]}}