{"id":308642,"date":"2026-01-04T08:43:14","date_gmt":"2026-01-04T11:43:14","guid":{"rendered":"https:\/\/www.caririemacao.com\/1\/?p=308642"},"modified":"2026-01-04T08:43:14","modified_gmt":"2026-01-04T11:43:14","slug":"efraim-reune-aliados-da-oposicao-e-admite-possivel-acordo-com-cicero-no-2-turno","status":"publish","type":"post","link":"https:\/\/www.caririemacao.com\/1\/2026\/01\/04\/efraim-reune-aliados-da-oposicao-e-admite-possivel-acordo-com-cicero-no-2-turno\/","title":{"rendered":"Efraim re\u00fane aliados da oposi\u00e7\u00e3o e admite poss\u00edvel acordo com C\u00edcero no 2\u00b0 turno"},"content":{"rendered":"<p>O senador Efraim Filho (Uni\u00e3o Brasil) reuniu aliados em uma confraterniza\u00e7\u00e3o realizada neste s\u00e1bado (3), em Cabedelo. A festa reuniu lideran\u00e7as da oposi\u00e7\u00e3o que apoiam a pr\u00e9-candidatura dele ao Governo do Estado. Esse foi o primeiro encontro neste ano.<\/p>\n<p>O evento reuniu as principais lideran\u00e7as da direita estadual, com quem Efraim j\u00e1 tem garantida uma alian\u00e7a, a exemplos do deputado federal Cabo Gilberto (PL) e do deputado estadual Wallber Virgolino (PL). Tamb\u00e9m marcou presen\u00e7a o\u00a0pr\u00e9-candidato ao Senado, Marcelo Queiroga (PL).<\/p>\n<p>Na ocasi\u00e3o, ele foi questionado sobre a possibilidade de um acordo de apoio com o prefeito de Jo\u00e3o Pessoa, C\u00edcero Lucena (MDB), em um eventual segundo turno nas elei\u00e7\u00f5es estaduais. Os dois s\u00e3o pr\u00e9-candidatos ao governo pela oposi\u00e7\u00e3o.<\/p>\n<p>Em resposta, Efraim condicionou qualquer aproxima\u00e7\u00e3o a um compromisso m\u00fatuo por parte de C\u00edcero. \u201cEu acredito que, se o compromisso for rec\u00edproco, existe sim essa possibilidade\u201d, afirmou.<\/p>\n<p>Efraim ainda refor\u00e7ou que s\u00f3 apoiaria o prefeito caso ele n\u00e3o chegue ao segundo turno se houver o mesmo compromisso por parte de Lucena.<\/p>\n<p>\u201cDesde que C\u00edcero diga que vai comigo no segundo turno, se eu chegar l\u00e1, \u00e9 sim uma possibilidade. Esse dialogo pode ser construido, vamos trabalhar pra isso\u201d, disse.<\/p>\n<p>MaisPB<\/p>\n","protected":false},"excerpt":{"rendered":"<p>O senador Efraim Filho (Uni\u00e3o Brasil) reuniu aliados em uma confraterniza\u00e7\u00e3o realizada neste s\u00e1bado (3), em Cabedelo. A festa reuniu lideran\u00e7as da oposi\u00e7\u00e3o que apoiam a pr\u00e9-candidatura dele ao Governo do Estado. Esse foi o primeiro encontro neste ano. O evento reuniu as principais lideran\u00e7as da direita estadual, com quem Efraim j\u00e1 tem garantida uma alian\u00e7a, a exemplos do deputado federal Cabo Gilberto (PL) e do deputado estadual Wallber Virgolino (PL). Tamb\u00e9m marcou presen\u00e7a o\u00a0pr\u00e9-candidato ao Senado, Marcelo Queiroga (PL). Na ocasi\u00e3o, ele foi questionado sobre a possibilidade de um acordo de apoio com o prefeito de Jo\u00e3o Pessoa, C\u00edcero Lucena (MDB), em um eventual segundo turno nas elei\u00e7\u00f5es estaduais. Os dois s\u00e3o pr\u00e9-candidatos ao governo pela oposi\u00e7\u00e3o. Em resposta, Efraim condicionou qualquer aproxima\u00e7\u00e3o a um compromisso m\u00fatuo por parte de C\u00edcero. \u201cEu acredito que, se o compromisso for rec\u00edproco, existe sim essa possibilidade\u201d, afirmou. Efraim ainda refor\u00e7ou que s\u00f3 apoiaria o prefeito caso ele n\u00e3o chegue ao segundo turno se houver o mesmo compromisso por parte de Lucena. \u201cDesde que C\u00edcero diga que vai comigo no segundo turno, se eu chegar l\u00e1, \u00e9 sim uma possibilidade. Esse dialogo pode ser construido, vamos trabalhar pra isso\u201d, disse. MaisPB<\/p>\n","protected":false},"author":6,"featured_media":308643,"comment_status":"closed","ping_status":"closed","sticky":false,"template":"","format":"standard","meta":{"sfsi_plus_gutenberg_text_before_share":"","sfsi_plus_gutenberg_show_text_before_share":"","sfsi_plus_gutenberg_icon_type":"","sfsi_plus_gutenberg_icon_alignemt":"","sfsi_plus_gutenburg_max_per_row":"","footnotes":""},"categories":[50,2,104,11],"tags":[],"class_list":["post-308642","post","type-post","status-publish","format-standard","has-post-thumbnail","hentry","category-destaque","category-geral","category-paraiba","category-politica"],"_links":{"self":[{"href":"https:\/\/www.caririemacao.com\/1\/wp-json\/wp\/v2\/posts\/308642","targetHints":{"allow":["GET"]}}],"collection":[{"href":"https:\/\/www.caririemacao.com\/1\/wp-json\/wp\/v2\/posts"}],"about":[{"href":"https:\/\/www.caririemacao.com\/1\/wp-json\/wp\/v2\/types\/post"}],"author":[{"embeddable":true,"href":"https:\/\/www.caririemacao.com\/1\/wp-json\/wp\/v2\/users\/6"}],"replies":[{"embeddable":true,"href":"https:\/\/www.caririemacao.com\/1\/wp-json\/wp\/v2\/comments?post=308642"}],"version-history":[{"count":1,"href":"https:\/\/www.caririemacao.com\/1\/wp-json\/wp\/v2\/posts\/308642\/revisions"}],"predecessor-version":[{"id":308644,"href":"https:\/\/www.caririemacao.com\/1\/wp-json\/wp\/v2\/posts\/308642\/revisions\/308644"}],"wp:featuredmedia":[{"embeddable":true,"href":"https:\/\/www.caririemacao.com\/1\/wp-json\/wp\/v2\/media\/308643"}],"wp:attachment":[{"href":"https:\/\/www.caririemacao.com\/1\/wp-json\/wp\/v2\/media?parent=308642"}],"wp:term":[{"taxonomy":"category","embeddable":true,"href":"https:\/\/www.caririemacao.com\/1\/wp-json\/wp\/v2\/categories?post=308642"},{"taxonomy":"post_tag","embeddable":true,"href":"https:\/\/www.caririemacao.com\/1\/wp-json\/wp\/v2\/tags?post=308642"}],"curies":[{"name":"wp","href":"https:\/\/api.w.org\/{rel}","templated":true}]}}