{"id":308917,"date":"2026-01-12T08:54:27","date_gmt":"2026-01-12T11:54:27","guid":{"rendered":"https:\/\/www.caririemacao.com\/1\/?p=308917"},"modified":"2026-01-12T08:54:27","modified_gmt":"2026-01-12T11:54:27","slug":"orgulho-jovem-campinense-e-uma-das-dez-mulheres-brasileiras-aprovadas-no-ita","status":"publish","type":"post","link":"https:\/\/www.caririemacao.com\/1\/2026\/01\/12\/orgulho-jovem-campinense-e-uma-das-dez-mulheres-brasileiras-aprovadas-no-ita\/","title":{"rendered":"ORGULHO: Jovem campinense \u00e9 uma das dez mulheres brasileiras aprovadas no ITA"},"content":{"rendered":"<div class=\"single-head grid\">\n<div class=\"g-col-12\">\n<p class=\"single-head-description font-alt fw-normal fs-3 lg:fs-5 line-normal letter-normal\"><strong>Ap\u00f3s seis anos de tentativas, a paraibana Sabrina Brito Lira, foi uma das dez brasileiras aprovadas no Instituto Tecnol\u00f3gico de Aeron\u00e1utica<\/strong><\/p>\n<\/div>\n<\/div>\n<div class=\"single-head-bottom grid gap-2 align-content-center\">\n<div class=\"g-col-12 lg:g-col-4 single-head-bottom-left d-flex flex-column align-items-start flex-wrap gap-3 align-items-center justify-content-start\">\n<div class=\"addon-authors single-author chip-default overflow-auto m-negative-1 lg:mx-0\">\n<p>Ap\u00f3s seis anos de tentativas, a paraibana Sabrina Brito Lira, de\u00a0Campina Grande, foi uma das dez brasileiras aprovadas no Instituto Tecnol\u00f3gico de Aeron\u00e1utica (ITA), localizado na cidade de S\u00e3o Jos\u00e9 dos Campos, em S\u00e3o Paulo.<\/p>\n<div id=\"_ppads_outstream_intext\" data-premium=\"\" data-adunit=\"POLEMICA_PARAIBA_INTEXT_01\" data-sizes-mobile=\"[[336,280],[300,250]]\" data-sizes-desktop=\"[[336,280],[300,250],[2,2]]\" data-type=\"intext\" data-count=\"1\" data-fetch=\"true\" data-google-query-id=\"CI39ooD3hZIDFTw2uQYdQEsTxQ\">\n<p>A estudante de 23 anos, idade limite para admiss\u00e3o no ITA, conta que o sonho de entrar para o instituto nasceu depois de uma conversa que teve com o pai, o professor aposentado Romero Lima, que contou para a filha sobre a institui\u00e7\u00e3o.<\/p>\n<blockquote class=\"wp-block-quote is-layout-flow wp-block-quote-is-layout-flow\"><p>\u201cEu sempre gostei muito das mat\u00e9rias de exatas e eu queria fazer engenharia, pensava em fazer na [universidade] federal, mas quando ele me contou um pouco do ITA e eu fui pesquisando mais, foi come\u00e7ando a crescer essa paix\u00e3o pelo Instituto Tecnol\u00f3gico de Aeron\u00e1utica\u201d, diz Sabrina.<\/p><\/blockquote>\n<h2 id=\"h-jovem-foi-aprovada-apos-seis-anos-de-tentativas\" class=\"wp-block-heading\">Jovem foi aprovada ap\u00f3s seis anos de tentativas<\/h2>\n<p>A felicidade vinda com a aprova\u00e7\u00e3o chegou depois de seis anos intensos de estudo. Sabrina, que tem 23 anos, idade limite para admiss\u00e3o no ITA, conta que chegou a ser aprovada para o curso de medicina no Cear\u00e1 e passou em primeiro lugar para o curso de Ci\u00eancia de Dados e Intelig\u00eancia Artificial da faculdade Get\u00falio Vargas, no Rio de Janeiro, mas em nenhum momento pensou em desistir.<\/p>\n<p>\u201cMesmo nesse \u00faltimo ano, que foi t\u00e3o dif\u00edcil e teve tanta press\u00e3o, e eu cheguei a ter quase certeza de que n\u00e3o ia dar certo, mesmo nesse ano o ITA continuou sendo a primeira op\u00e7\u00e3o. Mesmo depois que sa\u00edram esses resultados, eu continuei aguardando o resultado do ITA, porque se eu fosse aprovada, iria sem nem pensar\u201d, declarou.<\/p>\n<p>Ao todo, foram mais de dez mil inscritos, com uma concorr\u00eancia m\u00e9dia de mais de 54 pessoas para cada uma das 180 vagas dispon\u00edveis para 2026. Sabrina foi a 49\u00aa colocada, uma das dez mulheres que foram aprovadas.<\/p>\n<p>A fam\u00edlia inteira est\u00e1 de malas prontas para se mudar para S\u00e3o Paulo e continuar acompanhando o sonho de Sabrina de perto. Para a jovem, o apoio dos pais foi imprescind\u00edvel para sua aprova\u00e7\u00e3o, o que faz com que ela sinta que sua vit\u00f3ria foi coletiva.<\/p>\n<p>FONTE: G1<\/p>\n<\/div>\n<\/div>\n<\/div>\n<\/div>\n","protected":false},"excerpt":{"rendered":"<p>Ap\u00f3s seis anos de tentativas, a paraibana Sabrina Brito Lira, foi uma das dez brasileiras aprovadas no Instituto Tecnol\u00f3gico de Aeron\u00e1utica Ap\u00f3s seis anos de tentativas, a paraibana Sabrina Brito Lira, de\u00a0Campina Grande, foi uma das dez brasileiras aprovadas no Instituto Tecnol\u00f3gico de Aeron\u00e1utica (ITA), localizado na cidade de S\u00e3o Jos\u00e9 dos Campos, em S\u00e3o Paulo. A estudante de 23 anos, idade limite para admiss\u00e3o no ITA, conta que o sonho de entrar para o instituto nasceu depois de uma conversa que teve com o pai, o professor aposentado Romero Lima, que contou para a filha sobre a institui\u00e7\u00e3o. \u201cEu sempre gostei muito das mat\u00e9rias de exatas e eu queria fazer engenharia, pensava em fazer na [universidade] federal, mas quando ele me contou um pouco do ITA e eu fui pesquisando mais, foi come\u00e7ando a crescer essa paix\u00e3o pelo Instituto Tecnol\u00f3gico de Aeron\u00e1utica\u201d, diz Sabrina. Jovem foi aprovada ap\u00f3s seis anos de tentativas A felicidade vinda com a aprova\u00e7\u00e3o chegou depois de seis anos intensos de estudo. Sabrina, que tem 23 anos, idade limite para admiss\u00e3o no ITA, conta que chegou a ser aprovada para o curso de medicina no Cear\u00e1 e passou em primeiro lugar para o curso de Ci\u00eancia de Dados e Intelig\u00eancia Artificial da faculdade Get\u00falio Vargas, no Rio de Janeiro, mas em nenhum momento pensou em desistir. \u201cMesmo nesse \u00faltimo ano, que foi t\u00e3o dif\u00edcil e teve tanta press\u00e3o, e eu cheguei a ter quase certeza de que n\u00e3o ia dar certo, mesmo nesse ano o ITA continuou sendo a primeira op\u00e7\u00e3o. Mesmo depois que sa\u00edram esses resultados, eu continuei aguardando o resultado do ITA, porque se eu fosse aprovada, iria sem nem pensar\u201d, declarou. Ao todo, foram mais de dez mil inscritos, com uma concorr\u00eancia m\u00e9dia de mais de 54 pessoas para cada uma das 180 vagas dispon\u00edveis para 2026. Sabrina foi a 49\u00aa colocada, uma das dez mulheres que foram aprovadas. A fam\u00edlia inteira est\u00e1 de malas prontas para se mudar para S\u00e3o Paulo e continuar acompanhando o sonho de Sabrina de perto. Para a jovem, o apoio dos pais foi imprescind\u00edvel para sua aprova\u00e7\u00e3o, o que faz com que ela sinta que sua vit\u00f3ria foi coletiva. FONTE: G1<\/p>\n","protected":false},"author":6,"featured_media":308918,"comment_status":"closed","ping_status":"closed","sticky":false,"template":"","format":"standard","meta":{"sfsi_plus_gutenberg_text_before_share":"","sfsi_plus_gutenberg_show_text_before_share":"","sfsi_plus_gutenberg_icon_type":"","sfsi_plus_gutenberg_icon_alignemt":"","sfsi_plus_gutenburg_max_per_row":"","footnotes":""},"categories":[129,50],"tags":[],"class_list":["post-308917","post","type-post","status-publish","format-standard","has-post-thumbnail","hentry","category-campina-grande-2","category-destaque"],"_links":{"self":[{"href":"https:\/\/www.caririemacao.com\/1\/wp-json\/wp\/v2\/posts\/308917","targetHints":{"allow":["GET"]}}],"collection":[{"href":"https:\/\/www.caririemacao.com\/1\/wp-json\/wp\/v2\/posts"}],"about":[{"href":"https:\/\/www.caririemacao.com\/1\/wp-json\/wp\/v2\/types\/post"}],"author":[{"embeddable":true,"href":"https:\/\/www.caririemacao.com\/1\/wp-json\/wp\/v2\/users\/6"}],"replies":[{"embeddable":true,"href":"https:\/\/www.caririemacao.com\/1\/wp-json\/wp\/v2\/comments?post=308917"}],"version-history":[{"count":1,"href":"https:\/\/www.caririemacao.com\/1\/wp-json\/wp\/v2\/posts\/308917\/revisions"}],"predecessor-version":[{"id":308919,"href":"https:\/\/www.caririemacao.com\/1\/wp-json\/wp\/v2\/posts\/308917\/revisions\/308919"}],"wp:featuredmedia":[{"embeddable":true,"href":"https:\/\/www.caririemacao.com\/1\/wp-json\/wp\/v2\/media\/308918"}],"wp:attachment":[{"href":"https:\/\/www.caririemacao.com\/1\/wp-json\/wp\/v2\/media?parent=308917"}],"wp:term":[{"taxonomy":"category","embeddable":true,"href":"https:\/\/www.caririemacao.com\/1\/wp-json\/wp\/v2\/categories?post=308917"},{"taxonomy":"post_tag","embeddable":true,"href":"https:\/\/www.caririemacao.com\/1\/wp-json\/wp\/v2\/tags?post=308917"}],"curies":[{"name":"wp","href":"https:\/\/api.w.org\/{rel}","templated":true}]}}