{"id":309031,"date":"2026-01-15T10:12:12","date_gmt":"2026-01-15T13:12:12","guid":{"rendered":"https:\/\/www.caririemacao.com\/1\/?p=309031"},"modified":"2026-01-15T10:12:12","modified_gmt":"2026-01-15T13:12:12","slug":"delmiro-barros-grava-dvd-e-reune-grandes-nomes-do-forro-em-santa-terezinha","status":"publish","type":"post","link":"https:\/\/www.caririemacao.com\/1\/2026\/01\/15\/delmiro-barros-grava-dvd-e-reune-grandes-nomes-do-forro-em-santa-terezinha\/","title":{"rendered":"Delmiro Barros grava DVD e re\u00fane grandes nomes do forr\u00f3 em Santa Terezinha"},"content":{"rendered":"<p data-start=\"42\" data-end=\"425\">Na noite da \u00faltima quarta-feira (14), a cidade de Santa Terezinha, no Paje\u00fa pernambucano, viveu um momento hist\u00f3rico para a m\u00fasica nordestina com a grava\u00e7\u00e3o do DVD do cantor <span class=\"hover:entity-accent entity-underline inline cursor-pointer align-baseline\"><span class=\"whitespace-normal\">Delmiro Barros<\/span><\/span>, conhecido nacionalmente como o Embaixador do Forr\u00f3. O evento reuniu um verdadeiro time de estrelas e sacudiu o Paje\u00fa com muito forr\u00f3, emo\u00e7\u00e3o e identidade cultural.<\/p>\n<p data-start=\"42\" data-end=\"425\"><img fetchpriority=\"high\" decoding=\"async\" class=\" wp-image-309033 aligncenter\" src=\"https:\/\/www.caririemacao.com\/1\/wp-content\/uploads\/2026\/01\/WhatsApp-Image-2026-01-15-at-09.35.16-300x225.jpeg\" alt=\"\" width=\"371\" height=\"278\" srcset=\"https:\/\/www.caririemacao.com\/1\/wp-content\/uploads\/2026\/01\/WhatsApp-Image-2026-01-15-at-09.35.16-300x225.jpeg 300w, https:\/\/www.caririemacao.com\/1\/wp-content\/uploads\/2026\/01\/WhatsApp-Image-2026-01-15-at-09.35.16-1280x960.jpeg 1280w, https:\/\/www.caririemacao.com\/1\/wp-content\/uploads\/2026\/01\/WhatsApp-Image-2026-01-15-at-09.35.16-768x576.jpeg 768w, https:\/\/www.caririemacao.com\/1\/wp-content\/uploads\/2026\/01\/WhatsApp-Image-2026-01-15-at-09.35.16-1536x1152.jpeg 1536w, https:\/\/www.caririemacao.com\/1\/wp-content\/uploads\/2026\/01\/WhatsApp-Image-2026-01-15-at-09.35.16.jpeg 1600w\" sizes=\"(max-width: 371px) 100vw, 371px\" \/><\/p>\n<p data-start=\"427\" data-end=\"1122\">A grava\u00e7\u00e3o contou com participa\u00e7\u00f5es especiais de grandes nomes que marcaram e continuam marcando a hist\u00f3ria do g\u00eanero, a exemplo de <span class=\"hover:entity-accent entity-underline inline cursor-pointer align-baseline\"><span class=\"whitespace-normal\">Fl\u00e1vio Jos\u00e9<\/span><\/span>, <span class=\"hover:entity-accent entity-underline inline cursor-pointer align-baseline\"><span class=\"whitespace-normal\">Tom Oliveira<\/span><\/span>, <span class=\"hover:entity-accent entity-underline inline cursor-pointer align-baseline\"><span class=\"whitespace-normal\">Assum Preto<\/span><\/span>, <span class=\"hover:entity-accent entity-underline inline cursor-pointer align-baseline\"><span class=\"whitespace-normal\">Toca do Vale<\/span><\/span>, <span class=\"hover:entity-accent entity-underline inline cursor-pointer align-baseline\"><span class=\"whitespace-normal\">Tarc\u00edsio do Acordeon<\/span><\/span>, <span class=\"hover:entity-accent entity-underline inline cursor-pointer align-baseline\"><span class=\"whitespace-normal\">Iguinho e Lulinha<\/span><\/span>, <span class=\"hover:entity-accent entity-underline inline cursor-pointer align-baseline\"><span class=\"whitespace-normal\">Buscap\u00e9<\/span><\/span>, <span class=\"hover:entity-accent entity-underline inline cursor-pointer align-baseline\"><span class=\"whitespace-normal\">Sirano e Sirino<\/span><\/span>, <span class=\"hover:entity-accent entity-underline inline cursor-pointer align-baseline\"><span class=\"whitespace-normal\">Mano Walter<\/span><\/span>, <span class=\"hover:entity-accent entity-underline inline cursor-pointer align-baseline\"><span class=\"whitespace-normal\">Siranin<\/span><\/span>, <span class=\"hover:entity-accent entity-underline inline cursor-pointer align-baseline\"><span class=\"whitespace-normal\">Lostiba<\/span><\/span> e <span class=\"hover:entity-accent entity-underline inline cursor-pointer align-baseline\"><span class=\"whitespace-normal\">Seu Marquinhos<\/span><\/span>, refor\u00e7ando a grandiosidade do projeto.<\/p>\n<p data-start=\"1124\" data-end=\"1447\">O p\u00fablico compareceu em peso e lotou o espa\u00e7o do evento, que contou com uma megaestrutura de palco, som e ilumina\u00e7\u00e3o de alto n\u00edvel, al\u00e9m de um forte esquema de seguran\u00e7a, garantindo tranquilidade e conforto aos presentes. A noite foi marcada por repert\u00f3rio tradicional, cl\u00e1ssicos do forr\u00f3 e muita vibra\u00e7\u00e3o do in\u00edcio ao fim.<\/p>\n<p data-start=\"1124\" data-end=\"1447\"><img decoding=\"async\" class=\"wp-image-309034 aligncenter lazyload\" data-src=\"https:\/\/www.caririemacao.com\/1\/wp-content\/uploads\/2026\/01\/WhatsApp-Image-2026-01-15-at-03.44.26-300x225.jpeg\" alt=\"\" width=\"367\" height=\"275\" data-srcset=\"https:\/\/www.caririemacao.com\/1\/wp-content\/uploads\/2026\/01\/WhatsApp-Image-2026-01-15-at-03.44.26-300x225.jpeg 300w, https:\/\/www.caririemacao.com\/1\/wp-content\/uploads\/2026\/01\/WhatsApp-Image-2026-01-15-at-03.44.26-768x576.jpeg 768w, https:\/\/www.caririemacao.com\/1\/wp-content\/uploads\/2026\/01\/WhatsApp-Image-2026-01-15-at-03.44.26.jpeg 1280w\" data-sizes=\"(max-width: 367px) 100vw, 367px\" src=\"data:image\/svg+xml;base64,PHN2ZyB3aWR0aD0iMSIgaGVpZ2h0PSIxIiB4bWxucz0iaHR0cDovL3d3dy53My5vcmcvMjAwMC9zdmciPjwvc3ZnPg==\" style=\"--smush-placeholder-width: 367px; --smush-placeholder-aspect-ratio: 367\/275;\" \/><\/p>\n<p data-start=\"1449\" data-end=\"1876\">Em entrevista ao Cariri em A\u00e7\u00e3o, Delmiro Barros celebrou o momento especial da carreira e destacou a import\u00e2ncia da grava\u00e7\u00e3o. \u201cEsse DVD \u00e9 um sonho realizado. Reunir tantos amigos e refer\u00eancias do forr\u00f3, ver o p\u00fablico cantando junto e sentir essa energia aqui no Paje\u00fa n\u00e3o tem pre\u00e7o. \u00c9 um projeto feito com muito amor, para valorizar nossa cultura e mostrar a for\u00e7a do forr\u00f3 para todo o Brasil\u201d, afirmou o Embaixador do Forr\u00f3.<\/p>\n<p data-start=\"1449\" data-end=\"1876\">\n<p data-start=\"1449\" data-end=\"1876\"><strong>CARIRI EM A\u00c7\u00c3O<\/strong><\/p>\n","protected":false},"excerpt":{"rendered":"<p>Na noite da \u00faltima quarta-feira (14), a cidade de Santa Terezinha, no Paje\u00fa pernambucano, viveu um momento hist\u00f3rico para a m\u00fasica nordestina com a grava\u00e7\u00e3o&hellip; <\/p>\n","protected":false},"author":6,"featured_media":309032,"comment_status":"closed","ping_status":"closed","sticky":false,"template":"","format":"standard","meta":{"sfsi_plus_gutenberg_text_before_share":"","sfsi_plus_gutenberg_show_text_before_share":"","sfsi_plus_gutenberg_icon_type":"","sfsi_plus_gutenberg_icon_alignemt":"","sfsi_plus_gutenburg_max_per_row":"","footnotes":""},"categories":[71,50,2],"tags":[],"class_list":["post-309031","post","type-post","status-publish","format-standard","has-post-thumbnail","hentry","category-camalau","category-destaque","category-geral"],"_links":{"self":[{"href":"https:\/\/www.caririemacao.com\/1\/wp-json\/wp\/v2\/posts\/309031","targetHints":{"allow":["GET"]}}],"collection":[{"href":"https:\/\/www.caririemacao.com\/1\/wp-json\/wp\/v2\/posts"}],"about":[{"href":"https:\/\/www.caririemacao.com\/1\/wp-json\/wp\/v2\/types\/post"}],"author":[{"embeddable":true,"href":"https:\/\/www.caririemacao.com\/1\/wp-json\/wp\/v2\/users\/6"}],"replies":[{"embeddable":true,"href":"https:\/\/www.caririemacao.com\/1\/wp-json\/wp\/v2\/comments?post=309031"}],"version-history":[{"count":1,"href":"https:\/\/www.caririemacao.com\/1\/wp-json\/wp\/v2\/posts\/309031\/revisions"}],"predecessor-version":[{"id":309035,"href":"https:\/\/www.caririemacao.com\/1\/wp-json\/wp\/v2\/posts\/309031\/revisions\/309035"}],"wp:featuredmedia":[{"embeddable":true,"href":"https:\/\/www.caririemacao.com\/1\/wp-json\/wp\/v2\/media\/309032"}],"wp:attachment":[{"href":"https:\/\/www.caririemacao.com\/1\/wp-json\/wp\/v2\/media?parent=309031"}],"wp:term":[{"taxonomy":"category","embeddable":true,"href":"https:\/\/www.caririemacao.com\/1\/wp-json\/wp\/v2\/categories?post=309031"},{"taxonomy":"post_tag","embeddable":true,"href":"https:\/\/www.caririemacao.com\/1\/wp-json\/wp\/v2\/tags?post=309031"}],"curies":[{"name":"wp","href":"https:\/\/api.w.org\/{rel}","templated":true}]}}